{"id":16149,"date":"2024-06-06T13:16:22","date_gmt":"2024-06-06T19:16:22","guid":{"rendered":"https:\/\/fge.oaxaca.gob.mx\/?post_type=noticias&amp;p=6502"},"modified":"2024-06-06T13:16:22","modified_gmt":"2024-06-06T19:16:22","slug":"boletin-778-obtiene-fiscalia-de-oaxaca-vinculacion-a-proceso-contra-imputado-por-el-delito-de-homicidio-calificado-cometido-en-pinotepa-nacional","status":"publish","type":"noticias","link":"https:\/\/portal.fgeo.gob.mx\/index.php\/archivos\/noticias\/boletin-778-obtiene-fiscalia-de-oaxaca-vinculacion-a-proceso-contra-imputado-por-el-delito-de-homicidio-calificado-cometido-en-pinotepa-nacional","title":{"rendered":"BOLET\u00cdN 778.- Obtiene Fiscal\u00eda de Oaxaca vinculaci\u00f3n a proceso contra imputado por el delito de homicidio calificado cometido en Pinotepa Nacional"},"content":{"rendered":"<p>Oaxaca de Ju\u00e1rez, Oax. 06 de junio de 2024.- La Fiscal\u00eda General del Estado de Oaxaca (FGEO) obtuvo del Juzgado de Control, auto de vinculaci\u00f3n a proceso contra una persona del sexo masculino identificada como C.T.C., por el delito de homicidio calificado en agravio de un hombre que en vida respondi\u00f3 al nombre de I.A.V., cometido en Santiago Pinotepa Nacional.<\/p>\n<p>De acuerdo con lo asentado el expediente de la FGEO, los hechos ocurrieron el 24 de mayo de 2024, cuando la v\u00edctima se encontraba en el paraje conocido como &#8220;El Limoncito&#8221; ubicado por el lado sur de la poblaci\u00f3n de Lo de Candela perteneciente al municipio de Santiago Pinotepa Nacional, lugar donde lleg\u00f3 el agresor que realiz\u00f3 varios disparos de arma de fuego contra la v\u00edctima, infligiendo diversas lesiones que le provocaron la muerte.<\/p>\n<p>Tras estos hechos, la FGEO inici\u00f3 las investigaciones correspondientes, gracias a las cuales fue posible la detenci\u00f3n del imputado, mismo que fue presentado ante el Juez que conoce la causa.<\/p>\n<p>Derivado de los datos de prueba aportados por la Fiscal\u00eda de Oaxaca, el Juez en turno determin\u00f3 vincular a proceso a C.T.C., por el delito de homicidio calificado adem\u00e1s de imponer la medida cautelar de prisi\u00f3n preventiva oficiosa y otorgar el plazo de dos meses para el cierre de investigaci\u00f3n complementaria.<\/p>\n<p>La Fiscal\u00eda General garantiza investigaciones exhaustivas para esclarecer delitos, aplicando las herramientas legales para castigar a quien o quienes resulten responsables.<\/p>\n","protected":false},"author":2,"featured_media":6352,"comment_status":"closed","ping_status":"closed","template":"","tags":[],"categoria_noticias":[],"class_list":["post-16149","noticias","type-noticias","status-publish","has-post-thumbnail","hentry"],"acf":[],"mb":[],"mfb_rest_fields":["title","gutenberg_elementor_mode"],"_links":{"self":[{"href":"https:\/\/portal.fgeo.gob.mx\/index.php\/wp-json\/wp\/v2\/noticias\/16149","targetHints":{"allow":["GET"]}}],"collection":[{"href":"https:\/\/portal.fgeo.gob.mx\/index.php\/wp-json\/wp\/v2\/noticias"}],"about":[{"href":"https:\/\/portal.fgeo.gob.mx\/index.php\/wp-json\/wp\/v2\/types\/noticias"}],"author":[{"embeddable":true,"href":"https:\/\/portal.fgeo.gob.mx\/index.php\/wp-json\/wp\/v2\/users\/2"}],"replies":[{"embeddable":true,"href":"https:\/\/portal.fgeo.gob.mx\/index.php\/wp-json\/wp\/v2\/comments?post=16149"}],"wp:featuredmedia":[{"embeddable":true,"href":"https:\/\/portal.fgeo.gob.mx\/index.php\/wp-json\/"}],"wp:attachment":[{"href":"https:\/\/portal.fgeo.gob.mx\/index.php\/wp-json\/wp\/v2\/media?parent=16149"}],"wp:term":[{"taxonomy":"post_tag","embeddable":true,"href":"https:\/\/portal.fgeo.gob.mx\/index.php\/wp-json\/wp\/v2\/tags?post=16149"},{"taxonomy":"categoria_noticias","embeddable":true,"href":"https:\/\/portal.fgeo.gob.mx\/index.php\/wp-json\/wp\/v2\/categoria_noticias?post=16149"}],"curies":[{"name":"wp","href":"https:\/\/api.w.org\/{rel}","templated":true}]}}