{"id":16143,"date":"2024-06-04T11:25:43","date_gmt":"2024-06-04T17:25:43","guid":{"rendered":"https:\/\/fge.oaxaca.gob.mx\/?post_type=noticias&amp;p=6479"},"modified":"2024-06-04T11:25:43","modified_gmt":"2024-06-04T17:25:43","slug":"boletin-771-fiscalia-de-oaxaca-obtiene-fallo-condenatorio-por-secuestro-de-una-persona-migrante-cometido-en-la-region-del-istmo-de-tehuantepec","status":"publish","type":"noticias","link":"https:\/\/portal.fgeo.gob.mx\/index.php\/archivos\/noticias\/boletin-771-fiscalia-de-oaxaca-obtiene-fallo-condenatorio-por-secuestro-de-una-persona-migrante-cometido-en-la-region-del-istmo-de-tehuantepec","title":{"rendered":"BOLET\u00cdN 771.- Fiscal\u00eda de Oaxaca obtiene fallo condenatorio por secuestro de una persona migrante, cometido en la regi\u00f3n del Istmo de Tehuantepec"},"content":{"rendered":"<p>Oaxaca de Ju\u00e1rez, Oax. 04 de junio de 2024.- La investigaci\u00f3n de delitos de alto impacto que realiza la Fiscal\u00eda General del Estado de Oaxaca (FGEO) hizo posible la obtenci\u00f3n de un fallo condenatorio en contra de una persona del sexo masculino identificada como J.F.N.M., hallado responsable de la comisi\u00f3n del delito de Secuestro Agravado cometido en agravio de una persona de origen salvadore\u00f1o, hechos suscitados en la regi\u00f3n del Istmo de Tehuantepec.<\/p>\n<p>De acuerdo con el expediente penal del caso, la v\u00edctima -con iniciales F.J.Z.E.- sali\u00f3 en su pa\u00eds de origen, El Salvador, el 22 de enero de 2023 con destino a los Estados Unidos de Norteam\u00e9rica, sin embargo, a trav\u00e9s de otra persona hizo contacto con el imputado para que lo trasladara a Tapachula, en el estado de Chiapas, y posteriormente al estado de Nuevo Le\u00f3n.<\/p>\n<p>Un mes despu\u00e9s, es decir, en febrero del 2023, la v\u00edctima conoci\u00f3 personalmente al imputado en una locaci\u00f3n de Tapachula, lugar en el que fue enga\u00f1ado, amenazado y agredido por J.F.N.M., quien lo traslad\u00f3 a Ciudad Ixtepec en la regi\u00f3n del Istmo, donde lo mantuvo en cautiverio.<\/p>\n<p>Derivado de una denuncia, la Fiscal\u00eda de Oaxaca tom\u00f3 conocimiento del caso e inici\u00f3 las investigaciones correspondientes a trav\u00e9s de la Vicefiscal\u00eda Regional del Istmo que despleg\u00f3 a elementos de la Agencia Estatal de Investigaciones (AEI) para iniciar un operativo y rescatar a la v\u00edctima, logrando al mismo tiempo la detenci\u00f3n de J.F.N.M., quien fue puesto a disposici\u00f3n de la autoridad competente.<\/p>\n<p>Una vez valorada las pruebas presentadas por la FGEO, el juez que atiende la causa en audiencia de juicio dict\u00f3 fallo condenatorio en contra de J.F.N.M., por el delito de secuestro agravado, a reserva de que se efect\u00fae la audiencia para la individualizaci\u00f3n de la pena y definir la reparaci\u00f3n del da\u00f1o.<\/p>\n<p>Los trabajos de combate al secuestro que realiza la Fiscal\u00eda de Oaxaca se efect\u00faan de manera estricta y con apego a Derecho para dar certeza a las v\u00edctimas directas e indirectas y con ello que tengan pleno acceso a la justicia.<\/p>\n","protected":false},"author":2,"featured_media":6352,"comment_status":"closed","ping_status":"closed","template":"","tags":[],"categoria_noticias":[],"class_list":["post-16143","noticias","type-noticias","status-publish","has-post-thumbnail","hentry"],"acf":[],"mb":[],"mfb_rest_fields":["title","gutenberg_elementor_mode"],"_links":{"self":[{"href":"https:\/\/portal.fgeo.gob.mx\/index.php\/wp-json\/wp\/v2\/noticias\/16143","targetHints":{"allow":["GET"]}}],"collection":[{"href":"https:\/\/portal.fgeo.gob.mx\/index.php\/wp-json\/wp\/v2\/noticias"}],"about":[{"href":"https:\/\/portal.fgeo.gob.mx\/index.php\/wp-json\/wp\/v2\/types\/noticias"}],"author":[{"embeddable":true,"href":"https:\/\/portal.fgeo.gob.mx\/index.php\/wp-json\/wp\/v2\/users\/2"}],"replies":[{"embeddable":true,"href":"https:\/\/portal.fgeo.gob.mx\/index.php\/wp-json\/wp\/v2\/comments?post=16143"}],"wp:featuredmedia":[{"embeddable":true,"href":"https:\/\/portal.fgeo.gob.mx\/index.php\/wp-json\/"}],"wp:attachment":[{"href":"https:\/\/portal.fgeo.gob.mx\/index.php\/wp-json\/wp\/v2\/media?parent=16143"}],"wp:term":[{"taxonomy":"post_tag","embeddable":true,"href":"https:\/\/portal.fgeo.gob.mx\/index.php\/wp-json\/wp\/v2\/tags?post=16143"},{"taxonomy":"categoria_noticias","embeddable":true,"href":"https:\/\/portal.fgeo.gob.mx\/index.php\/wp-json\/wp\/v2\/categoria_noticias?post=16143"}],"curies":[{"name":"wp","href":"https:\/\/api.w.org\/{rel}","templated":true}]}}