{"id":16142,"date":"2024-06-03T14:34:08","date_gmt":"2024-06-03T20:34:08","guid":{"rendered":"https:\/\/fge.oaxaca.gob.mx\/?post_type=noticias&amp;p=6478"},"modified":"2024-06-03T14:34:08","modified_gmt":"2024-06-03T20:34:08","slug":"boletin-770-ejecuta-fiscalia-de-oaxaca-orden-de-aprehension-contra-sujeto-por-homicidio-cometido-en-la-region-del-istmo","status":"publish","type":"noticias","link":"https:\/\/portal.fgeo.gob.mx\/index.php\/archivos\/noticias\/boletin-770-ejecuta-fiscalia-de-oaxaca-orden-de-aprehension-contra-sujeto-por-homicidio-cometido-en-la-region-del-istmo","title":{"rendered":"BOLET\u00cdN 770.-Ejecuta Fiscal\u00eda de Oaxaca orden de aprehensi\u00f3n contra sujeto por homicidio cometido en la regi\u00f3n del Istmo"},"content":{"rendered":"<p>Oaxaca de Ju\u00e1rez, Oax. 03 de junio de 2024.- La Fiscal\u00eda General del Estado de Oaxaca (FGEO) ejecut\u00f3 una orden de aprehensi\u00f3n contra una persona del sexo masculino identificada como J.A.C., por el delito de Homicidio Calificado cometido en agravio de M.A.F.V., hechos ocurridos en San Juan Guichicovi, municipio del Istmo de Tehuantepec.<\/p>\n<p>De acuerdo con el expediente penal del caso, los hechos ocurrieron el 08 de abril de 2024 en un domicilio del Barrio Deportivo de la agencia municipal de Estaci\u00f3n Sarabia perteneciente a San Juan Guichicovi, lugar donde fue atacado con un arma corto-contundente (machete), caus\u00e1ndole lesiones que le provocaron la muerte.<\/p>\n<p>Ante estos hechos, la Fiscal\u00eda de Oaxaca inici\u00f3 las investigaciones a trav\u00e9s de la Vicefiscal\u00eda Regional del Istmo, que dieron como resultado la detenci\u00f3n de J.A.C., quien fue puesto a disposici\u00f3n de la autoridad ministerial correspondiente para determinar su situaci\u00f3n jur\u00eddica.<\/p>\n<p>La actuaci\u00f3n ministerial respaldada con los resultados de las pruebas cient\u00edficas y periciales que realiza la Fiscal\u00eda de Oaxaca, a trav\u00e9s de las diferentes \u00e1reas de especializaci\u00f3n, hacen m\u00e1s eficientes las labores en torno a la procuraci\u00f3n de justicia a favor de las v\u00edctimas.<\/p>\n<p>&nbsp;<\/p>\n","protected":false},"author":2,"featured_media":6352,"comment_status":"closed","ping_status":"closed","template":"","tags":[],"categoria_noticias":[],"class_list":["post-16142","noticias","type-noticias","status-publish","has-post-thumbnail","hentry"],"acf":[],"mb":[],"mfb_rest_fields":["title","gutenberg_elementor_mode"],"_links":{"self":[{"href":"https:\/\/portal.fgeo.gob.mx\/index.php\/wp-json\/wp\/v2\/noticias\/16142","targetHints":{"allow":["GET"]}}],"collection":[{"href":"https:\/\/portal.fgeo.gob.mx\/index.php\/wp-json\/wp\/v2\/noticias"}],"about":[{"href":"https:\/\/portal.fgeo.gob.mx\/index.php\/wp-json\/wp\/v2\/types\/noticias"}],"author":[{"embeddable":true,"href":"https:\/\/portal.fgeo.gob.mx\/index.php\/wp-json\/wp\/v2\/users\/2"}],"replies":[{"embeddable":true,"href":"https:\/\/portal.fgeo.gob.mx\/index.php\/wp-json\/wp\/v2\/comments?post=16142"}],"wp:featuredmedia":[{"embeddable":true,"href":"https:\/\/portal.fgeo.gob.mx\/index.php\/wp-json\/"}],"wp:attachment":[{"href":"https:\/\/portal.fgeo.gob.mx\/index.php\/wp-json\/wp\/v2\/media?parent=16142"}],"wp:term":[{"taxonomy":"post_tag","embeddable":true,"href":"https:\/\/portal.fgeo.gob.mx\/index.php\/wp-json\/wp\/v2\/tags?post=16142"},{"taxonomy":"categoria_noticias","embeddable":true,"href":"https:\/\/portal.fgeo.gob.mx\/index.php\/wp-json\/wp\/v2\/categoria_noticias?post=16142"}],"curies":[{"name":"wp","href":"https:\/\/api.w.org\/{rel}","templated":true}]}}