{"id":16140,"date":"2024-06-03T10:49:44","date_gmt":"2024-06-03T16:49:44","guid":{"rendered":"https:\/\/fge.oaxaca.gob.mx\/?post_type=noticias&amp;p=6475"},"modified":"2024-06-03T10:49:44","modified_gmt":"2024-06-03T16:49:44","slug":"boletin-768-logra-fgeo-auto-de-vinculacion-a-proceso-contra-sujeto-por-violacion-de-adolescente-con-discapacidad-intelectual-hechos-ocurridos-en-san-juan-colorado","status":"publish","type":"noticias","link":"https:\/\/portal.fgeo.gob.mx\/index.php\/archivos\/noticias\/boletin-768-logra-fgeo-auto-de-vinculacion-a-proceso-contra-sujeto-por-violacion-de-adolescente-con-discapacidad-intelectual-hechos-ocurridos-en-san-juan-colorado","title":{"rendered":"BOLET\u00cdN 768 &#8211; Logra FGEO auto de vinculaci\u00f3n a proceso contra sujeto por violaci\u00f3n de adolescente con discapacidad intelectual, hechos ocurridos en San Juan Colorado"},"content":{"rendered":"<p><strong>Oaxaca de Ju\u00e1rez, Oax. 03 de junio de 2024.- <\/strong>\u00a0La Fiscal\u00eda General del Estado de Oaxaca (FGEO) obtuvo auto de vinculaci\u00f3n a proceso contra la persona del sexo masculino identificada como L.P.G., por el delito de violaci\u00f3n equiparada en agravio de una adolescente (persona con discapacidad intelectual), cometido en jurisdicci\u00f3n de San Juan Colorado.<\/p>\n<p>De acuerdo con lo asentado en el expediente penal, los hechos sucedieron entre el 14 y 28 de abril de 2021, en un domicilio particular ubicado en el Barrio Chico, en el municipio de San Juan Colorado, sitio en donde la v\u00edctima, quien en ese momento contaba con 16 a\u00f1os de edad, sufri\u00f3 una agresi\u00f3n sexual.<\/p>\n<p>Cuando la FGEO tom\u00f3 conocimiento del caso, inici\u00f3 las investigaciones correspondientes a trav\u00e9s de la Fiscal\u00eda Especializada Para la Atenci\u00f3n de Delitos Contra la Mujer por Raz\u00f3n de G\u00e9nero, gracias a las cuales se logr\u00f3 ejecutar una orden de aprehensi\u00f3n en contra de L.P.G., quedando a disposici\u00f3n de la autoridad que conoce la causa.<\/p>\n<p>En audiencia y tras validar los datos de prueba proporcionados por la Fiscal\u00eda de Oaxaca, el Juez en turno determin\u00f3 vincular a proceso a L.P.G., por el delito de violaci\u00f3n equiparada, adem\u00e1s que se impuso prisi\u00f3n preventiva y se otorgaron tres meses para el cierre de la investigaci\u00f3n.<\/p>\n<p>En delitos sexuales, la Fiscal\u00eda de Oaxaca realiza investigaciones exhaustivas que permitan dar con los responsables, a fin de presentarlos ante la justicia y aplicarles todo el rigor de la Ley.<\/p>\n<p><img fetchpriority=\"high\" decoding=\"async\" class=\"alignnone size-medium wp-image-6476\" src=\"https:\/\/portal.fgeo.gob.mx\/wp-content\/uploads\/2024\/06\/BOLET%C3%8DN-768-Logra-FGEO-auto-de-vinculaci%C3%B3n-a-proceso-contra-sujeto-por-violaci%C3%B3n-de-adolescente-con-discapacidad-intelectual-hechos-ocurridos-en-San-Juan-Colorado_page-0001-1-232x300.jpg\" alt=\"\" width=\"232\" height=\"300\" \/><\/p>\n","protected":false},"author":2,"featured_media":6352,"comment_status":"closed","ping_status":"closed","template":"","tags":[],"categoria_noticias":[],"class_list":["post-16140","noticias","type-noticias","status-publish","has-post-thumbnail","hentry"],"acf":[],"mb":[],"mfb_rest_fields":["title","gutenberg_elementor_mode"],"_links":{"self":[{"href":"https:\/\/portal.fgeo.gob.mx\/index.php\/wp-json\/wp\/v2\/noticias\/16140","targetHints":{"allow":["GET"]}}],"collection":[{"href":"https:\/\/portal.fgeo.gob.mx\/index.php\/wp-json\/wp\/v2\/noticias"}],"about":[{"href":"https:\/\/portal.fgeo.gob.mx\/index.php\/wp-json\/wp\/v2\/types\/noticias"}],"author":[{"embeddable":true,"href":"https:\/\/portal.fgeo.gob.mx\/index.php\/wp-json\/wp\/v2\/users\/2"}],"replies":[{"embeddable":true,"href":"https:\/\/portal.fgeo.gob.mx\/index.php\/wp-json\/wp\/v2\/comments?post=16140"}],"wp:featuredmedia":[{"embeddable":true,"href":"https:\/\/portal.fgeo.gob.mx\/index.php\/wp-json\/"}],"wp:attachment":[{"href":"https:\/\/portal.fgeo.gob.mx\/index.php\/wp-json\/wp\/v2\/media?parent=16140"}],"wp:term":[{"taxonomy":"post_tag","embeddable":true,"href":"https:\/\/portal.fgeo.gob.mx\/index.php\/wp-json\/wp\/v2\/tags?post=16140"},{"taxonomy":"categoria_noticias","embeddable":true,"href":"https:\/\/portal.fgeo.gob.mx\/index.php\/wp-json\/wp\/v2\/categoria_noticias?post=16140"}],"curies":[{"name":"wp","href":"https:\/\/api.w.org\/{rel}","templated":true}]}}