{"id":16136,"date":"2024-05-30T16:30:41","date_gmt":"2024-05-30T22:30:41","guid":{"rendered":"https:\/\/fge.oaxaca.gob.mx\/?post_type=noticias&amp;p=6447"},"modified":"2024-05-30T16:30:41","modified_gmt":"2024-05-30T22:30:41","slug":"boletin-764-fgeo-localiza-y-restituye-con-su-familia-a-bebe-que-habia-sido-sustraido-en-el-istmo-de-tehuantepec","status":"publish","type":"noticias","link":"https:\/\/portal.fgeo.gob.mx\/index.php\/archivos\/noticias\/boletin-764-fgeo-localiza-y-restituye-con-su-familia-a-bebe-que-habia-sido-sustraido-en-el-istmo-de-tehuantepec","title":{"rendered":"BOLET\u00cdN 764.-FGEO localiza y restituye con su familia a beb\u00e9 que hab\u00eda sido sustra\u00eddo en el Istmo de Tehuantepec"},"content":{"rendered":"<p>&nbsp;<\/p>\n<p><img fetchpriority=\"high\" decoding=\"async\" class=\"alignnone size-medium wp-image-6448\" src=\"https:\/\/portal.fgeo.gob.mx\/wp-content\/uploads\/2024\/05\/FOTO-BOLET%C3%8DN-764-226x300.jpeg\" alt=\"\" width=\"226\" height=\"300\" \/><\/p>\n<p>Oaxaca de Ju\u00e1rez, Oax., 30 de mayo de 2024.- La Fiscal\u00eda General del Estado de Oaxaca (FGEO) logr\u00f3 dar con el paradero de un menor de edad, &#8211; cuya identidad est\u00e1 reservada por Ley- quien fue sustra\u00eddo de su hogar, por lo que fue restituido con el responsable de su guardia y custodia (madre), hechos ocurridos en el Istmo de Tehuantepec.<\/p>\n<p>De acuerdo con la carpeta de investigaci\u00f3n, el 20 de mayo de 2024 la madre del menor de edad de tan solo ocho meses indic\u00f3 que regularmente lo dejaba al cuidado de familiares y regresaba por las tardes a recogerlo, sin embargo, ese d\u00eda al acudir por \u00e9l se negaron a entreg\u00e1rselo, para hacerlo exig\u00edan que les diera cierta cantidad de dinero, los hechos ocurrieron en el municipio de San Pedro Tapanatepec.<\/p>\n<p>Ante la situaci\u00f3n la madre del menor de edad acudi\u00f3 a la Fiscal\u00eda de Oaxaca a presentar su denuncia, por lo cual el organismo procurador de justicia inici\u00f3 los trabajos correspondientes a trav\u00e9s de la Vicefiscal\u00eda Regional del Istmo que despleg\u00f3 un equipo multidisciplinario que en forma conjunta con elementos de la Agencia Estatal de Investigaciones realizaron el trabajo de b\u00fasqueda y rastreo correspondiente en compa\u00f1\u00eda de la madre del menor de edad en inmediaciones de San Pedro Tapanatepec donde lo localizaron.<\/p>\n<p>Luego de ser presentado ante el Agente del Ministerio P\u00fablico y tras certificar y valorar m\u00e9dicamente al menor de edad, fue restituido con su madre.<\/p>\n<p>La Fiscal\u00eda General del Estado de Oaxaca atiende en forma prioritaria e integral los casos relacionados con ni\u00f1as, ni\u00f1os y adolescentes, por lo que realiza acciones expeditas que permitan garantizar el inter\u00e9s superior de la ni\u00f1ez en los procesos de procuraci\u00f3n de justicia.<\/p>\n","protected":false},"author":2,"featured_media":6352,"comment_status":"closed","ping_status":"closed","template":"","tags":[],"categoria_noticias":[],"class_list":["post-16136","noticias","type-noticias","status-publish","has-post-thumbnail","hentry"],"acf":[],"mb":[],"mfb_rest_fields":["title","gutenberg_elementor_mode"],"_links":{"self":[{"href":"https:\/\/portal.fgeo.gob.mx\/index.php\/wp-json\/wp\/v2\/noticias\/16136","targetHints":{"allow":["GET"]}}],"collection":[{"href":"https:\/\/portal.fgeo.gob.mx\/index.php\/wp-json\/wp\/v2\/noticias"}],"about":[{"href":"https:\/\/portal.fgeo.gob.mx\/index.php\/wp-json\/wp\/v2\/types\/noticias"}],"author":[{"embeddable":true,"href":"https:\/\/portal.fgeo.gob.mx\/index.php\/wp-json\/wp\/v2\/users\/2"}],"replies":[{"embeddable":true,"href":"https:\/\/portal.fgeo.gob.mx\/index.php\/wp-json\/wp\/v2\/comments?post=16136"}],"wp:featuredmedia":[{"embeddable":true,"href":"https:\/\/portal.fgeo.gob.mx\/index.php\/wp-json\/"}],"wp:attachment":[{"href":"https:\/\/portal.fgeo.gob.mx\/index.php\/wp-json\/wp\/v2\/media?parent=16136"}],"wp:term":[{"taxonomy":"post_tag","embeddable":true,"href":"https:\/\/portal.fgeo.gob.mx\/index.php\/wp-json\/wp\/v2\/tags?post=16136"},{"taxonomy":"categoria_noticias","embeddable":true,"href":"https:\/\/portal.fgeo.gob.mx\/index.php\/wp-json\/wp\/v2\/categoria_noticias?post=16136"}],"curies":[{"name":"wp","href":"https:\/\/api.w.org\/{rel}","templated":true}]}}