{"id":16135,"date":"2024-05-30T13:36:12","date_gmt":"2024-05-30T19:36:12","guid":{"rendered":"https:\/\/fge.oaxaca.gob.mx\/?post_type=noticias&amp;p=6445"},"modified":"2024-05-30T13:36:12","modified_gmt":"2024-05-30T19:36:12","slug":"boletin-763-obtiene-fgeo-auto-de-formal-prision-contra-imputado-por-feminicidio-cometido-en-san-martin-mexicapan","status":"publish","type":"noticias","link":"https:\/\/portal.fgeo.gob.mx\/index.php\/archivos\/noticias\/boletin-763-obtiene-fgeo-auto-de-formal-prision-contra-imputado-por-feminicidio-cometido-en-san-martin-mexicapan","title":{"rendered":"BOLET\u00cdN 763.- Obtiene FGEO auto de formal prisi\u00f3n contra imputado por feminicidio cometido en San Mart\u00edn Mexicapan"},"content":{"rendered":"<p><img fetchpriority=\"high\" decoding=\"async\" class=\"alignnone size-medium wp-image-6446\" src=\"https:\/\/portal.fgeo.gob.mx\/wp-content\/uploads\/2024\/05\/FOTO-BOLET%C3%8DN-763-225x300.jpg\" alt=\"\" width=\"225\" height=\"300\" \/><\/p>\n<p>Oaxaca de Ju\u00e1rez, Oax., 30 de mayo de 2024.- La Fiscal\u00eda General del Estado de Oaxaca (FGEO) obtuvo, del Juzgado Segundo Penal, auto de formal prisi\u00f3n contra la persona del sexo masculino identificado como P.G.S., por el delito de Feminicidio en grado de tentativa, cometido en la Agencia de San Mart\u00edn Mexicapan, en la regi\u00f3n de los Valles Centrales.<\/p>\n<p>Los hechos ocurrieron el 02 de julio de 2015, de acuerdo con el expediente penal del caso, cuando la v\u00edctima (cuya identidad est\u00e1 reservada por ley) se encontraba al interior de su domicilio ubicado en Prolongaci\u00f3n Benito Ju\u00e1rez de la Colonia Emiliano Zapata, perteneciente a la Agencia de San Mart\u00edn Mexicapan, en el municipio de Oaxaca de Ju\u00e1rez, sitio al que lleg\u00f3 el agresor, quien la atac\u00f3 con un arma corto-contundente (desarmador), con la que infligi\u00f3 lesiones que pusieron en riesgo su vida.<\/p>\n<p>Ante este hecho, la Instituci\u00f3n de procuraci\u00f3n de justicia intervino a trav\u00e9s de Vicefiscal\u00eda General de Control Regional, iniciando los actos de investigaci\u00f3n correspondientes que permitieron la ejecuci\u00f3n de una orden de aprehensi\u00f3n en contra de P.G.S., quien fue puesto a disposici\u00f3n de la autoridad judicial que conoce la causa.<\/p>\n<p>En audiencia, el Juez Segundo Penal dict\u00f3 auto de formal prisi\u00f3n contra P.G.S., por el delito de Feminicidio en grado de tentativa.<\/p>\n<p>La Fiscal\u00eda General reitera su compromiso a esclarecer delitos de g\u00e9nero en la entidad, aplicando todo el rigor de la Ley a quien o quienes resulten responsables.<\/p>\n","protected":false},"author":2,"featured_media":6352,"comment_status":"closed","ping_status":"closed","template":"","tags":[],"categoria_noticias":[],"class_list":["post-16135","noticias","type-noticias","status-publish","has-post-thumbnail","hentry"],"acf":[],"mb":[],"mfb_rest_fields":["title","gutenberg_elementor_mode"],"_links":{"self":[{"href":"https:\/\/portal.fgeo.gob.mx\/index.php\/wp-json\/wp\/v2\/noticias\/16135","targetHints":{"allow":["GET"]}}],"collection":[{"href":"https:\/\/portal.fgeo.gob.mx\/index.php\/wp-json\/wp\/v2\/noticias"}],"about":[{"href":"https:\/\/portal.fgeo.gob.mx\/index.php\/wp-json\/wp\/v2\/types\/noticias"}],"author":[{"embeddable":true,"href":"https:\/\/portal.fgeo.gob.mx\/index.php\/wp-json\/wp\/v2\/users\/2"}],"replies":[{"embeddable":true,"href":"https:\/\/portal.fgeo.gob.mx\/index.php\/wp-json\/wp\/v2\/comments?post=16135"}],"wp:featuredmedia":[{"embeddable":true,"href":"https:\/\/portal.fgeo.gob.mx\/index.php\/wp-json\/"}],"wp:attachment":[{"href":"https:\/\/portal.fgeo.gob.mx\/index.php\/wp-json\/wp\/v2\/media?parent=16135"}],"wp:term":[{"taxonomy":"post_tag","embeddable":true,"href":"https:\/\/portal.fgeo.gob.mx\/index.php\/wp-json\/wp\/v2\/tags?post=16135"},{"taxonomy":"categoria_noticias","embeddable":true,"href":"https:\/\/portal.fgeo.gob.mx\/index.php\/wp-json\/wp\/v2\/categoria_noticias?post=16135"}],"curies":[{"name":"wp","href":"https:\/\/api.w.org\/{rel}","templated":true}]}}