{"id":16133,"date":"2024-05-30T00:11:44","date_gmt":"2024-05-30T06:11:44","guid":{"rendered":"https:\/\/fge.oaxaca.gob.mx\/?post_type=noticias&amp;p=6437"},"modified":"2024-05-30T00:11:44","modified_gmt":"2024-05-30T06:11:44","slug":"boletin-761-fgeo-investiga-incidente-ocurrido-en-mitin-politico-en-el-que-resulto-una-persona-lesionado-en-matias-romero","status":"publish","type":"noticias","link":"https:\/\/portal.fgeo.gob.mx\/index.php\/archivos\/noticias\/boletin-761-fgeo-investiga-incidente-ocurrido-en-mitin-politico-en-el-que-resulto-una-persona-lesionado-en-matias-romero","title":{"rendered":"Bolet\u00edn 761 &#8211; FGEO investiga incidente ocurrido en mitin pol\u00edtico en el que result\u00f3 una persona lesionado en Mat\u00edas Romero"},"content":{"rendered":"<p><strong>Oaxaca de Ju\u00e1rez, Oax. 29 de mayo de 2024.- <\/strong>La Fiscal\u00eda General del Estado de Oaxaca (FGEO) inici\u00f3 una investigaci\u00f3n debido a un incidente ocurrido la tarde de este mi\u00e9rcoles 29 de mayo en un acto pol\u00edtico en la comunidad de Mat\u00edas Romero, el cual dej\u00f3 como saldo a una persona lesionada.<\/p>\n<p>De acuerdo con las primeras indagatorias, durante el mitin pol\u00edtico de cierre de campa\u00f1a de una candidata, la v\u00edctima identificada como L.M.O., quien es integrante de la agrupaci\u00f3n musical \u201cLos Soberanos\u201d, se encontraba en el escenario cuando sonaron detonaciones de arma de fuego y posteriormente se dio cuenta que estaba lesionado tras sufrir un roz\u00f3n.<\/p>\n<p>Despu\u00e9s de tener conocimiento de estos hechos personal de la Vicefiscal\u00eda Regional del Istmo se traslad\u00f3 al lugar del incidente donde junto con personal del Instituto de Servicios Periciales y elementos de la Agencia Estatal de Investigaciones recabaron los indicios que ayuden a establecer c\u00f3mo sucedieron los hechos.<\/p>\n<p>Adem\u00e1s de estas diligencias personal de la FGEO se entrevist\u00f3 con la persona lesionada, quien est\u00e1 reportada como fuera de peligro luego de ser trasladada a la cl\u00ednica del Instituto Mexicano del Seguro Social ubicada en Mat\u00edas Romero.<\/p>\n<p>La Fiscal\u00eda General del Estado de Oaxaca realizar\u00e1 una investigaci\u00f3n diligente y exhaustiva que permita esclarecer lo ocurrido y sancionar quien o quienes resulten responsables, pues esta instituci\u00f3n est\u00e1 comprometida con no permitir actos violentos que atenten contra la paz social.<\/p>\n<p><img fetchpriority=\"high\" decoding=\"async\" class=\"alignnone size-medium wp-image-6438\" src=\"https:\/\/portal.fgeo.gob.mx\/wp-content\/uploads\/2024\/05\/Bolet%C3%ADn-761-FGEO-investiga-incidente-ocurrido-en-mitin-pol%C3%ADtico-en-el-que-result%C3%B3-una-persona-lesionada-en-Mat%C3%ADas-Romero_page-0001-232x300.jpg\" alt=\"\" width=\"232\" height=\"300\" \/><\/p>\n","protected":false},"author":2,"featured_media":6352,"comment_status":"closed","ping_status":"closed","template":"","tags":[],"categoria_noticias":[],"class_list":["post-16133","noticias","type-noticias","status-publish","has-post-thumbnail","hentry"],"acf":[],"mb":[],"mfb_rest_fields":["title","gutenberg_elementor_mode"],"_links":{"self":[{"href":"https:\/\/portal.fgeo.gob.mx\/index.php\/wp-json\/wp\/v2\/noticias\/16133","targetHints":{"allow":["GET"]}}],"collection":[{"href":"https:\/\/portal.fgeo.gob.mx\/index.php\/wp-json\/wp\/v2\/noticias"}],"about":[{"href":"https:\/\/portal.fgeo.gob.mx\/index.php\/wp-json\/wp\/v2\/types\/noticias"}],"author":[{"embeddable":true,"href":"https:\/\/portal.fgeo.gob.mx\/index.php\/wp-json\/wp\/v2\/users\/2"}],"replies":[{"embeddable":true,"href":"https:\/\/portal.fgeo.gob.mx\/index.php\/wp-json\/wp\/v2\/comments?post=16133"}],"wp:featuredmedia":[{"embeddable":true,"href":"https:\/\/portal.fgeo.gob.mx\/index.php\/wp-json\/"}],"wp:attachment":[{"href":"https:\/\/portal.fgeo.gob.mx\/index.php\/wp-json\/wp\/v2\/media?parent=16133"}],"wp:term":[{"taxonomy":"post_tag","embeddable":true,"href":"https:\/\/portal.fgeo.gob.mx\/index.php\/wp-json\/wp\/v2\/tags?post=16133"},{"taxonomy":"categoria_noticias","embeddable":true,"href":"https:\/\/portal.fgeo.gob.mx\/index.php\/wp-json\/wp\/v2\/categoria_noticias?post=16133"}],"curies":[{"name":"wp","href":"https:\/\/api.w.org\/{rel}","templated":true}]}}