{"id":16131,"date":"2024-05-28T20:45:45","date_gmt":"2024-05-29T02:45:45","guid":{"rendered":"https:\/\/fge.oaxaca.gob.mx\/?post_type=noticias&amp;p=6432"},"modified":"2024-05-28T20:45:45","modified_gmt":"2024-05-29T02:45:45","slug":"boletin-757-fgeo-asegura-a-una-persona-tras-hechos-violentos-en-santiago-amoltepec","status":"publish","type":"noticias","link":"https:\/\/portal.fgeo.gob.mx\/index.php\/archivos\/noticias\/boletin-757-fgeo-asegura-a-una-persona-tras-hechos-violentos-en-santiago-amoltepec","title":{"rendered":"BOLET\u00cdN 758 &#8211; FGEO asegura a una persona tras hechos violentos en Santiago Amoltepec"},"content":{"rendered":"<ul>\n<li style=\"font-weight: 400\"><em>Se investiga la probable relaci\u00f3n con agresi\u00f3n con armas de fuego en la que perdieron la vida tres personas<\/em><\/li>\n<\/ul>\n<p style=\"font-weight: 400\"><strong>Oaxaca de Ju\u00e1rez, Oax., a 28 de mayo de 2024.-\u00a0<\/strong>Como resultado de los trabajos de investigaci\u00f3n e inteligencia criminal realizados por \u00e1reas especializadas de la Fiscal\u00eda General del Estado de Oaxaca (FGEO), elementos de la Agencia Estatal de Investigaciones (AEI) lograron el aseguramiento de una persona del sexo masculino identificada por las iniciales P.P.R., quien se habr\u00eda desplazado a la Ciudad de Oaxaca de Ju\u00e1rez, despu\u00e9s de haber participado en\u00a0 los hechos violentos del pasado 27 de mayo de 2024, en el que fallecieron tres personas en dicha localidad perteneciente a la regi\u00f3n de la Sierra Sur.<\/p>\n<p style=\"font-weight: 400\">Derivado de los trabajos de campo, la FGEO pudo establecer que el lunes 27 de mayo de 2024 en inmediaciones del municipio de Santiago Amoltepec, habitantes de esta poblaci\u00f3n fueron agredidos con disparos de arma de fuego, lo que dej\u00f3 como saldo tres personas fallecidas,\u00a0 identificadas como G.H.H., G.N.H.H. y S.R.Y.<\/p>\n<p style=\"font-weight: 400\">La Fiscal\u00eda de Oaxaca despleg\u00f3 un equipo multidisciplinario que realiza las labores ministeriales y periciales en lugar de los hechos, obteniendo informaci\u00f3n suficiente para fortalecer las l\u00edneas de investigaci\u00f3n respecto al caso.<\/p>\n<p style=\"font-weight: 400\">Los primeros resultados de los trabajos de inteligencia revelaron que, tras los hechos violentos, una persona identificada como P.P.R. sali\u00f3 de Santiago Amoltepec para trasladarse a la ciudad de Oaxaca de Ju\u00e1rez, donde fue localizado y elementos de la Agencia Estatal de Investigaciones lograron el aseguramiento de esta persona, en torno a quien se indaga sobre su posible relaci\u00f3n con los hechos.<img fetchpriority=\"high\" decoding=\"async\" class=\"alignnone size-medium wp-image-6433\" src=\"https:\/\/portal.fgeo.gob.mx\/wp-content\/uploads\/2024\/05\/BOLET%C3%8DN-757-FGEO-asegura-a-una-persona-tras-hechos-violentos-en-Santiago-Amoltepec_page-0001-232x300.jpg\" alt=\"\" width=\"232\" height=\"300\" \/><\/p>\n<p style=\"font-weight: 400\">La Fiscal\u00eda de Oaxaca realiza reitera su compromiso con atender y brindar resultados en casos de alto impacto y trascendencia social, adem\u00e1s realiza todas las labores necesarias en materia de procuraci\u00f3n de justicia con el objetivo de contribuir a la reconstrucci\u00f3n del tejido social en zonas de conflicto y coadyuvar a la paz social y la seguridad de la entidad.<\/p>\n","protected":false},"author":2,"featured_media":6352,"comment_status":"closed","ping_status":"closed","template":"","tags":[],"categoria_noticias":[],"class_list":["post-16131","noticias","type-noticias","status-publish","has-post-thumbnail","hentry"],"acf":[],"mb":[],"mfb_rest_fields":["title","gutenberg_elementor_mode"],"_links":{"self":[{"href":"https:\/\/portal.fgeo.gob.mx\/index.php\/wp-json\/wp\/v2\/noticias\/16131","targetHints":{"allow":["GET"]}}],"collection":[{"href":"https:\/\/portal.fgeo.gob.mx\/index.php\/wp-json\/wp\/v2\/noticias"}],"about":[{"href":"https:\/\/portal.fgeo.gob.mx\/index.php\/wp-json\/wp\/v2\/types\/noticias"}],"author":[{"embeddable":true,"href":"https:\/\/portal.fgeo.gob.mx\/index.php\/wp-json\/wp\/v2\/users\/2"}],"replies":[{"embeddable":true,"href":"https:\/\/portal.fgeo.gob.mx\/index.php\/wp-json\/wp\/v2\/comments?post=16131"}],"wp:featuredmedia":[{"embeddable":true,"href":"https:\/\/portal.fgeo.gob.mx\/index.php\/wp-json\/"}],"wp:attachment":[{"href":"https:\/\/portal.fgeo.gob.mx\/index.php\/wp-json\/wp\/v2\/media?parent=16131"}],"wp:term":[{"taxonomy":"post_tag","embeddable":true,"href":"https:\/\/portal.fgeo.gob.mx\/index.php\/wp-json\/wp\/v2\/tags?post=16131"},{"taxonomy":"categoria_noticias","embeddable":true,"href":"https:\/\/portal.fgeo.gob.mx\/index.php\/wp-json\/wp\/v2\/categoria_noticias?post=16131"}],"curies":[{"name":"wp","href":"https:\/\/api.w.org\/{rel}","templated":true}]}}