{"id":16129,"date":"2024-05-27T22:17:02","date_gmt":"2024-05-28T04:17:02","guid":{"rendered":"https:\/\/fge.oaxaca.gob.mx\/?post_type=noticias&amp;p=6429"},"modified":"2024-05-27T22:17:02","modified_gmt":"2024-05-28T04:17:02","slug":"boletin-756-fiscalia-de-oaxaca-trabaja-en-estrecha-coordinacion-con-sspc-guardia-nacional-y-sedena-para-preservar-la-paz-social-en-la-sierra-sur-tras-agresion-en-santiago-amoltepec","status":"publish","type":"noticias","link":"https:\/\/portal.fgeo.gob.mx\/index.php\/archivos\/noticias\/boletin-756-fiscalia-de-oaxaca-trabaja-en-estrecha-coordinacion-con-sspc-guardia-nacional-y-sedena-para-preservar-la-paz-social-en-la-sierra-sur-tras-agresion-en-santiago-amoltepec","title":{"rendered":"BOLET\u00cdN 756 &#8211; Fiscal\u00eda de Oaxaca trabaja en estrecha coordinaci\u00f3n con SSPC, Guardia Nacional y SEDENA para preservar la paz social en la Sierra Sur tras agresi\u00f3n en Santiago Amoltepec"},"content":{"rendered":"<ul>\n<li style=\"font-weight: 400\"><em>Derivado de los hechos, se confirma el fallecimiento de dos personas, entre ellas el S\u00edndico de Amoltepec<\/em><\/li>\n<\/ul>\n<p style=\"font-weight: 400\"><em>\u00a0<\/em><\/p>\n<p style=\"font-weight: 400\"><strong>Oaxaca de Ju\u00e1rez, Oax. 27 de mayo de 2024.-\u00a0<\/strong>La Fiscal\u00eda General del Estado de Oaxaca (FGEO) trabaja en conjunto con la Secretar\u00eda de Seguridad y Protecci\u00f3n Ciudadana, as\u00ed como la Guardia Nacional y la Secretar\u00eda de la Defensa Nacional (SEDENA) para realizar los trabajos para restablecer la paz social en la Sierra Sur, luego de una agresi\u00f3n con arma de fuego, que dej\u00f3 como saldo a dos personas fallecidas.<\/p>\n<p style=\"font-weight: 400\">Los hechos ocurrieron este lunes 27 de mayo de 2024, en inmediaciones del municipio de Santiago Amoltepec, donde habitantes de esta poblaci\u00f3n fueron agredidos con disparos de arma de fuego.<\/p>\n<p style=\"font-weight: 400\">Luego de establecer contacto directo con las autoridades municipales de Amoltepec, la FGEO confirm\u00f3 el fallecimiento de dos personas del sexo masculino, entre ellas el S\u00edndico de dicha comunidad.<\/p>\n<p style=\"font-weight: 400\">Conforme a las primeras indagatorias, pobladores de Amoltepec fueron interceptados por un grupo de personas que realiz\u00f3 detonaciones de arma de fuego en su contra.<\/p>\n<p style=\"font-weight: 400\">El trabajo conjunto entre los tres niveles de gobierno, es clave para preservar la paz social a lo largo de las ocho regiones de la entidad, por lo que la colaboraci\u00f3n interinstitucional es prioritaria en este tipo de casos para garantizar la seguridad p\u00fablica en la zona y lograr que las v\u00edctimas tengan pleno acceso a la justicia.<\/p>\n<p style=\"font-weight: 400\"><img fetchpriority=\"high\" decoding=\"async\" class=\"alignnone size-medium wp-image-6430\" src=\"https:\/\/portal.fgeo.gob.mx\/wp-content\/uploads\/2024\/05\/BOLET%C3%8DN-756-Fiscal%C3%ADa-de-Oaxaca-trabaja-en-estrecha-coordinaci%C3%B3n-con-SSPC-Guardia-Nacional-y-SEDENA-para-preservar-la-paz-social-en-la-Sierra-Sur-tras-agresi%C3%B3n-en-Santiago-Amoltepec_page-0001-232x300.jpg\" alt=\"\" width=\"232\" height=\"300\" \/><\/p>\n","protected":false},"author":2,"featured_media":6352,"comment_status":"closed","ping_status":"closed","template":"","tags":[],"categoria_noticias":[],"class_list":["post-16129","noticias","type-noticias","status-publish","has-post-thumbnail","hentry"],"acf":[],"mb":[],"mfb_rest_fields":["title","gutenberg_elementor_mode"],"_links":{"self":[{"href":"https:\/\/portal.fgeo.gob.mx\/index.php\/wp-json\/wp\/v2\/noticias\/16129","targetHints":{"allow":["GET"]}}],"collection":[{"href":"https:\/\/portal.fgeo.gob.mx\/index.php\/wp-json\/wp\/v2\/noticias"}],"about":[{"href":"https:\/\/portal.fgeo.gob.mx\/index.php\/wp-json\/wp\/v2\/types\/noticias"}],"author":[{"embeddable":true,"href":"https:\/\/portal.fgeo.gob.mx\/index.php\/wp-json\/wp\/v2\/users\/2"}],"replies":[{"embeddable":true,"href":"https:\/\/portal.fgeo.gob.mx\/index.php\/wp-json\/wp\/v2\/comments?post=16129"}],"wp:featuredmedia":[{"embeddable":true,"href":"https:\/\/portal.fgeo.gob.mx\/index.php\/wp-json\/"}],"wp:attachment":[{"href":"https:\/\/portal.fgeo.gob.mx\/index.php\/wp-json\/wp\/v2\/media?parent=16129"}],"wp:term":[{"taxonomy":"post_tag","embeddable":true,"href":"https:\/\/portal.fgeo.gob.mx\/index.php\/wp-json\/wp\/v2\/tags?post=16129"},{"taxonomy":"categoria_noticias","embeddable":true,"href":"https:\/\/portal.fgeo.gob.mx\/index.php\/wp-json\/wp\/v2\/categoria_noticias?post=16129"}],"curies":[{"name":"wp","href":"https:\/\/api.w.org\/{rel}","templated":true}]}}