{"id":16128,"date":"2024-05-27T17:44:27","date_gmt":"2024-05-27T23:44:27","guid":{"rendered":"https:\/\/fge.oaxaca.gob.mx\/?post_type=noticias&amp;p=6419"},"modified":"2024-05-27T17:44:27","modified_gmt":"2024-05-27T23:44:27","slug":"boletin-755-fgeo-fortalece-lazos-de-colaboracion-con-autoridad-de-la-villa-de-etla-a-traves-de-programa-de-proximidad-social","status":"publish","type":"noticias","link":"https:\/\/portal.fgeo.gob.mx\/index.php\/archivos\/noticias\/boletin-755-fgeo-fortalece-lazos-de-colaboracion-con-autoridad-de-la-villa-de-etla-a-traves-de-programa-de-proximidad-social","title":{"rendered":"Bolet\u00edn 755 &#8211; FGEO fortalece lazos de colaboraci\u00f3n con autoridad de la Villa de Etla a trav\u00e9s de programa de proximidad social"},"content":{"rendered":"<p style=\"font-weight: 400\"><strong>Oaxaca de Ju\u00e1rez, Oax. 27 de mayo de 2024.-<\/strong>\u00a0Mejorar los procesos de procuraci\u00f3n de justicia requiere de sinergias con los tres niveles de gobierno, por ello, la Fiscal\u00eda General del Estado de Oaxaca (FGEO) establece lazos de colaboraci\u00f3n con autoridades municipales por medio del programa de proximidad social \u201cFiscal\u00eda en tu Comunidad\u201d, el cual se realiz\u00f3 en la Villa de Etla.<\/p>\n<p style=\"font-weight: 400\">\u00a0<img decoding=\"async\" class=\"alignnone size-medium wp-image-6420\" src=\"https:\/\/portal.fgeo.gob.mx\/wp-content\/uploads\/2024\/05\/etla-300x144.jpeg\" alt=\"\" width=\"300\" height=\"144\" \/><\/p>\n<p style=\"font-weight: 400\">Durante el acto inaugural el Fiscal General del Estado de Oaxaca, Bernardo Rodr\u00edguez Alamilla, dijo que uno de los objetivos prioritarios de la instituci\u00f3n procuradora de justicia es coadyuvar en la disminuci\u00f3n de la incidencia delictiva, sin embargo, no es una tarea sencilla pues, requiere de una estrecha colaboraci\u00f3n interinstitucional, especialmente con las autoridades municipales, quienes son las m\u00e1s cercanas a las din\u00e1micas sociales de la poblaci\u00f3n.<\/p>\n<p style=\"font-weight: 400\">\u00a0<img fetchpriority=\"high\" decoding=\"async\" class=\"alignnone size-medium wp-image-6421\" src=\"https:\/\/portal.fgeo.gob.mx\/wp-content\/uploads\/2024\/05\/etla2-300x200.jpeg\" alt=\"\" width=\"300\" height=\"200\" \/><\/p>\n<p style=\"font-weight: 400\">Rodr\u00edguez Alamilla puntualiz\u00f3 que este programa de proximidad social permite acercar herramientas que fortalecen las capacidades de las autoridades municipales en aspectos como la elaboraci\u00f3n del Informe Policial Homologado, ya que al ser los primeros respondientes son actores claves y uno de los eslabones esenciales dentro del proceso de investigaci\u00f3n de los delitos pues es la base o punto de inicio de las investigaciones ministeriales.<\/p>\n<p style=\"font-weight: 400\">\u00a0<img decoding=\"async\" class=\"alignnone size-medium wp-image-6422\" src=\"https:\/\/portal.fgeo.gob.mx\/wp-content\/uploads\/2024\/05\/etla4-300x200.jpeg\" alt=\"\" width=\"300\" height=\"200\" \/> <img loading=\"lazy\" decoding=\"async\" class=\"alignnone size-medium wp-image-6423\" src=\"https:\/\/portal.fgeo.gob.mx\/wp-content\/uploads\/2024\/05\/etla3-300x200.jpeg\" alt=\"\" width=\"300\" height=\"200\" \/><\/p>\n<p style=\"font-weight: 400\">Y explic\u00f3 que por medio del programa de proximidad social \u201cFiscal\u00eda en tu Comunidad\u201d se busca atender los delitos m\u00e1s recurrentes como la violencia familiar, por ello, acerca informaci\u00f3n preventiva a las autoridades municipales, pero adem\u00e1s, pone un especial \u00e9nfasis en establecer lazos de colaboraci\u00f3n con las instancias de las mujeres para hacer m\u00e1s efectivos los procesos de atenci\u00f3n y detecci\u00f3n de riesgos para las mujeres en casos de violencia de g\u00e9nero.<\/p>\n<p style=\"font-weight: 400\">El Fiscal de Oaxaca se\u00f1al\u00f3 que desde la FGEO se implementa una estrategia de reingenier\u00eda institucional que permita darle un rostro humano a la instituci\u00f3n, y parte de este cambio es acercar los servicios a la poblaci\u00f3n, pero adem\u00e1s se pone especial \u00e9nfasis en materia de prevenci\u00f3n del delito entre ni\u00f1as, ni\u00f1os y adolescentes, pues, trabajar con este sector ayudar\u00e1 a construir sociedades m\u00e1s seguras y pac\u00edficas.<\/p>\n<p style=\"font-weight: 400\">\u00a0<img loading=\"lazy\" decoding=\"async\" class=\"alignnone size-medium wp-image-6424\" src=\"https:\/\/portal.fgeo.gob.mx\/wp-content\/uploads\/2024\/05\/etla6-300x200.jpeg\" alt=\"\" width=\"300\" height=\"200\" \/> <img loading=\"lazy\" decoding=\"async\" class=\"alignnone size-medium wp-image-6425\" src=\"https:\/\/portal.fgeo.gob.mx\/wp-content\/uploads\/2024\/05\/etla5-300x200.jpeg\" alt=\"\" width=\"300\" height=\"200\" \/><\/p>\n<p style=\"font-weight: 400\">En el acto inaugural estuvieron presentes la secretaria T\u00e9cnica Regional de Valles Centrales de las Mesas de Seguridad y Construcci\u00f3n de la Paz, Roc\u00edo de Jes\u00fas L\u00f3pez Cruz; el director de Seguridad P\u00fablica Municipal de la Villa de Etla, Germ\u00e1n Hern\u00e1ndez Mart\u00ednez; y la encargada del \u00e1rea jur\u00eddica de la Sindicatura del Municipio de la Villa de Etla, Carmen D\u00edaz Jim\u00e9nez.<\/p>\n<p style=\"font-weight: 400\">Adem\u00e1s del director de la Polic\u00eda Municipal de San Andr\u00e9s Zautla, Gregorio Gayt\u00e1n Pacheco; el director de Seguridad P\u00fablica de San Agust\u00edn Etla, Marco Antonio Garc\u00eda Dom\u00ednguez; la regidora de Seguridad de Nazareno Etla, Leydi Ni\u00f1o Hern\u00e1ndez; as\u00ed como el director de Seguridad P\u00fablica de San Felipe Tejalapan, Kevyn Espinoza Casta\u00f1eda.<\/p>\n<p style=\"font-weight: 400\">\u00a0<img loading=\"lazy\" decoding=\"async\" class=\"alignnone size-medium wp-image-6426\" src=\"https:\/\/portal.fgeo.gob.mx\/wp-content\/uploads\/2024\/05\/etla9-300x200.jpeg\" alt=\"\" width=\"300\" height=\"200\" \/> <img loading=\"lazy\" decoding=\"async\" class=\"alignnone size-medium wp-image-6427\" src=\"https:\/\/portal.fgeo.gob.mx\/wp-content\/uploads\/2024\/05\/etla8-300x200.jpeg\" alt=\"\" width=\"300\" height=\"200\" \/><\/p>\n<p style=\"font-weight: 400\">Por su parte, al intervenir el presidente municipal de la Villa de Etla, Miguel \u00c1ngel Mart\u00ednez Merl\u00edn, agradeci\u00f3 la presencia del programa y se\u00f1al\u00f3 que para las autoridades municipales poder colaborar con la Fiscal\u00eda General del Estado les permite mejorar sus procedimientos y con ello darle a poblaci\u00f3n la certeza de que tienen elementos de la polic\u00eda municipal capacitados.<\/p>\n<p style=\"font-weight: 400\">El programa \u201cFiscal\u00eda en tu comunidad\u201d busca construir los puentes para mantener contacto directo con la gente mediante una atenci\u00f3n con calidad, calidez y eficiencia a la poblaci\u00f3n, acercando los servicios, talleres y capacitaciones en materia de prevenci\u00f3n del delito y procuraci\u00f3n de justicia a los diferentes sectores de la poblaci\u00f3n, as\u00ed como darles seguimiento a los procesos.<\/p>\n<p style=\"font-weight: 400\"><img loading=\"lazy\" decoding=\"async\" class=\"alignnone size-medium wp-image-6428\" src=\"https:\/\/portal.fgeo.gob.mx\/wp-content\/uploads\/2024\/05\/etla7-300x200.jpeg\" alt=\"\" width=\"300\" height=\"200\" \/><\/p>\n","protected":false},"author":2,"featured_media":6352,"comment_status":"closed","ping_status":"closed","template":"","tags":[],"categoria_noticias":[],"class_list":["post-16128","noticias","type-noticias","status-publish","has-post-thumbnail","hentry"],"acf":[],"mb":[],"mfb_rest_fields":["title","gutenberg_elementor_mode"],"_links":{"self":[{"href":"https:\/\/portal.fgeo.gob.mx\/index.php\/wp-json\/wp\/v2\/noticias\/16128","targetHints":{"allow":["GET"]}}],"collection":[{"href":"https:\/\/portal.fgeo.gob.mx\/index.php\/wp-json\/wp\/v2\/noticias"}],"about":[{"href":"https:\/\/portal.fgeo.gob.mx\/index.php\/wp-json\/wp\/v2\/types\/noticias"}],"author":[{"embeddable":true,"href":"https:\/\/portal.fgeo.gob.mx\/index.php\/wp-json\/wp\/v2\/users\/2"}],"replies":[{"embeddable":true,"href":"https:\/\/portal.fgeo.gob.mx\/index.php\/wp-json\/wp\/v2\/comments?post=16128"}],"wp:featuredmedia":[{"embeddable":true,"href":"https:\/\/portal.fgeo.gob.mx\/index.php\/wp-json\/"}],"wp:attachment":[{"href":"https:\/\/portal.fgeo.gob.mx\/index.php\/wp-json\/wp\/v2\/media?parent=16128"}],"wp:term":[{"taxonomy":"post_tag","embeddable":true,"href":"https:\/\/portal.fgeo.gob.mx\/index.php\/wp-json\/wp\/v2\/tags?post=16128"},{"taxonomy":"categoria_noticias","embeddable":true,"href":"https:\/\/portal.fgeo.gob.mx\/index.php\/wp-json\/wp\/v2\/categoria_noticias?post=16128"}],"curies":[{"name":"wp","href":"https:\/\/api.w.org\/{rel}","templated":true}]}}