{"id":16127,"date":"2024-05-27T12:04:27","date_gmt":"2024-05-27T18:04:27","guid":{"rendered":"https:\/\/fge.oaxaca.gob.mx\/?post_type=noticias&amp;p=6418"},"modified":"2024-05-27T12:04:27","modified_gmt":"2024-05-27T18:04:27","slug":"boletin-754-obtiene-fgeo-auto-de-vinculacion-a-proceso-contra-cuatro-personas-por-el-delito-de-homicidio-calificado-con-ventaja-y-lesiones-calificadas-cometidos-en-santa-maria-jacatepec","status":"publish","type":"noticias","link":"https:\/\/portal.fgeo.gob.mx\/index.php\/archivos\/noticias\/boletin-754-obtiene-fgeo-auto-de-vinculacion-a-proceso-contra-cuatro-personas-por-el-delito-de-homicidio-calificado-con-ventaja-y-lesiones-calificadas-cometidos-en-santa-maria-jacatepec","title":{"rendered":"BOLET\u00cdN 754.- Obtiene FGEO auto de vinculaci\u00f3n a proceso contra cuatro personas por el delito de homicidio calificado con ventaja y lesiones calificadas cometidos en Santa Mar\u00eda Jacatepec"},"content":{"rendered":"<p>Oaxaca de Ju\u00e1rez, Oax., 27 de mayo de 2024.- La Fiscal\u00eda General del Estado de Oaxaca (FGEO) obtuvo, del Juzgado de Control, auto de vinculaci\u00f3n a proceso contra las personas del sexo masculino identificadas como A.H.A.,\u00a0 I.G.A., S.O.N. y L.E.C.I., por el delito de homicidio calificado con ventaja y lesiones calificadas en agravio de un hombre que en vida respondi\u00f3 al nombre de C.R.G., y de lesiones calificadas en contra de H.R.G., cometido en La Joya, perteneciente a Santa Mar\u00eda Jacatepec, Distrito de Tuxtepec.<\/p>\n<p>De acuerdo con el expediente penal del caso, los hechos ocurrieron el 16 de mayo de 2024, cuando las v\u00edctimas se encontraban en un domicilio particular ubicado en la Avenida Emiliano Zapata, La Joya, lugar a donde arrib\u00f3 un grupo de personas para agredir a las v\u00edctimas de manera verbal y f\u00edsica.<\/p>\n<p>En el lugar, atacaron a las v\u00edctimas con un objeto punzo cortante (navaja), infligiendo lesiones que le ocasionaron la muerte a C.R.G., en tanto la v\u00edctima H.R.G. result\u00f3 con heridas de gravedad.<\/p>\n<p>Tras estos hechos, la FGEO inici\u00f3 las investigaciones correspondientes, gracias a las cuales fue posible la detenci\u00f3n de los imputados, quienes fueron presentados ante el Juez que conoce la causa.<\/p>\n<p>Derivado de los datos de prueba aportados por la Fiscal\u00eda de Oaxaca, el Juez en turno determin\u00f3 vincular a proceso a A.H.A., I.G.A., S.O.N. y L.E.C.I., por el delito de homicidio calificado con ventaja y lesiones calificadas, adem\u00e1s de imponer la medida cautelar de prisi\u00f3n preventiva y otorgar dos meses para el cierre de investigaci\u00f3n complementaria.<\/p>\n<p>La Fiscal\u00eda General garantiza investigaciones exhaustivas para esclarecer delitos, aplicando todo el rigor de la Ley a quien o quienes resulten responsables.<\/p>\n<p>&nbsp;<\/p>\n","protected":false},"author":2,"featured_media":6352,"comment_status":"closed","ping_status":"closed","template":"","tags":[],"categoria_noticias":[],"class_list":["post-16127","noticias","type-noticias","status-publish","has-post-thumbnail","hentry"],"acf":[],"mb":[],"mfb_rest_fields":["title","gutenberg_elementor_mode"],"_links":{"self":[{"href":"https:\/\/portal.fgeo.gob.mx\/index.php\/wp-json\/wp\/v2\/noticias\/16127","targetHints":{"allow":["GET"]}}],"collection":[{"href":"https:\/\/portal.fgeo.gob.mx\/index.php\/wp-json\/wp\/v2\/noticias"}],"about":[{"href":"https:\/\/portal.fgeo.gob.mx\/index.php\/wp-json\/wp\/v2\/types\/noticias"}],"author":[{"embeddable":true,"href":"https:\/\/portal.fgeo.gob.mx\/index.php\/wp-json\/wp\/v2\/users\/2"}],"replies":[{"embeddable":true,"href":"https:\/\/portal.fgeo.gob.mx\/index.php\/wp-json\/wp\/v2\/comments?post=16127"}],"wp:featuredmedia":[{"embeddable":true,"href":"https:\/\/portal.fgeo.gob.mx\/index.php\/wp-json\/"}],"wp:attachment":[{"href":"https:\/\/portal.fgeo.gob.mx\/index.php\/wp-json\/wp\/v2\/media?parent=16127"}],"wp:term":[{"taxonomy":"post_tag","embeddable":true,"href":"https:\/\/portal.fgeo.gob.mx\/index.php\/wp-json\/wp\/v2\/tags?post=16127"},{"taxonomy":"categoria_noticias","embeddable":true,"href":"https:\/\/portal.fgeo.gob.mx\/index.php\/wp-json\/wp\/v2\/categoria_noticias?post=16127"}],"curies":[{"name":"wp","href":"https:\/\/api.w.org\/{rel}","templated":true}]}}