{"id":16124,"date":"2024-05-24T13:05:23","date_gmt":"2024-05-24T19:05:23","guid":{"rendered":"https:\/\/fge.oaxaca.gob.mx\/?post_type=noticias&amp;p=6410"},"modified":"2024-05-24T13:05:23","modified_gmt":"2024-05-24T19:05:23","slug":"boletin-751-fiscalia-de-oaxaca-ejecuta-orden-de-aprehension-por-robo-con-violencia-contra-tiendas-oxxo-en-la-region-del-istmo","status":"publish","type":"noticias","link":"https:\/\/portal.fgeo.gob.mx\/index.php\/archivos\/noticias\/boletin-751-fiscalia-de-oaxaca-ejecuta-orden-de-aprehension-por-robo-con-violencia-contra-tiendas-oxxo-en-la-region-del-istmo","title":{"rendered":"BOLET\u00cdN 751.- Fiscal\u00eda de Oaxaca ejecuta orden de aprehensi\u00f3n por robo con violencia contra tiendas Oxxo en la regi\u00f3n del Istmo"},"content":{"rendered":"<p>Oaxaca de Ju\u00e1rez, Oax., 24 de mayo de 2024.- Como parte de sus acciones permanentes en el combate a la delincuencia, la Fiscal\u00eda General del Estado de Oaxaca (FGEO) ejecut\u00f3 una orden de aprehensi\u00f3n en contra de la persona del sexo masculino identificada como C.J.G.F., alias &#8220;El Macizo&#8221;, por el delito de Robo con violencia moral en perjuicio de la Cadena Comercial Oxxo S.A. de C.V., as\u00ed como de las personas identificadas como N.S.L.V. y R.I.G.C., hechos ocurridos en Juchit\u00e1n de Zaragoza.<\/p>\n<p>De acuerdo con lo establecido en el expediente penal, los hechos sucedieron el 7 de abril de 2024, en la sucursal Oxxo ubicada en la carretera Trans\u00edstmica La Ventosa, en la colonia M\u00e1rtires 31 de Julio, perteneciente a Juchit\u00e1n de Zaragoza, sitio a donde arrib\u00f3 una persona para despojar de forma agresiva a los trabajadores de dinero en efectivo, mercanc\u00eda, as\u00ed como de un dispositivo electr\u00f3nico port\u00e1til.<\/p>\n<p>Ante estos hechos, la Fiscal\u00eda de Oaxaca inici\u00f3 las investigaciones correspondientes a trav\u00e9s de la Vicefiscal\u00eda Regional del Istmo, que dieron como resultado la detenci\u00f3n de C.J.G.F., alias &#8220;El Macizo&#8221;, quien fue puesto a disposici\u00f3n de la autoridad ministerial correspondiente para determinar su situaci\u00f3n jur\u00eddica.<\/p>\n<p>La Fiscal\u00eda General del Estado de Oaxaca mantiene de manera permanente acciones de inteligencia que permiten detectar objetivos generadores de violencia, as\u00ed como realizar acciones que contribuyan a la paz en todas las regiones de la entidad.<\/p>\n<p><img fetchpriority=\"high\" decoding=\"async\" class=\"alignnone size-medium wp-image-6411\" src=\"https:\/\/portal.fgeo.gob.mx\/wp-content\/uploads\/2024\/05\/FOTO-BOLET%C3%8DN-751-169x300.jpg\" alt=\"\" width=\"169\" height=\"300\" \/><\/p>\n","protected":false},"author":2,"featured_media":6352,"comment_status":"closed","ping_status":"closed","template":"","tags":[],"categoria_noticias":[],"class_list":["post-16124","noticias","type-noticias","status-publish","has-post-thumbnail","hentry"],"acf":[],"mb":[],"mfb_rest_fields":["title","gutenberg_elementor_mode"],"_links":{"self":[{"href":"https:\/\/portal.fgeo.gob.mx\/index.php\/wp-json\/wp\/v2\/noticias\/16124","targetHints":{"allow":["GET"]}}],"collection":[{"href":"https:\/\/portal.fgeo.gob.mx\/index.php\/wp-json\/wp\/v2\/noticias"}],"about":[{"href":"https:\/\/portal.fgeo.gob.mx\/index.php\/wp-json\/wp\/v2\/types\/noticias"}],"author":[{"embeddable":true,"href":"https:\/\/portal.fgeo.gob.mx\/index.php\/wp-json\/wp\/v2\/users\/2"}],"replies":[{"embeddable":true,"href":"https:\/\/portal.fgeo.gob.mx\/index.php\/wp-json\/wp\/v2\/comments?post=16124"}],"wp:featuredmedia":[{"embeddable":true,"href":"https:\/\/portal.fgeo.gob.mx\/index.php\/wp-json\/"}],"wp:attachment":[{"href":"https:\/\/portal.fgeo.gob.mx\/index.php\/wp-json\/wp\/v2\/media?parent=16124"}],"wp:term":[{"taxonomy":"post_tag","embeddable":true,"href":"https:\/\/portal.fgeo.gob.mx\/index.php\/wp-json\/wp\/v2\/tags?post=16124"},{"taxonomy":"categoria_noticias","embeddable":true,"href":"https:\/\/portal.fgeo.gob.mx\/index.php\/wp-json\/wp\/v2\/categoria_noticias?post=16124"}],"curies":[{"name":"wp","href":"https:\/\/api.w.org\/{rel}","templated":true}]}}