{"id":16122,"date":"2024-05-23T15:00:02","date_gmt":"2024-05-23T21:00:02","guid":{"rendered":"https:\/\/fge.oaxaca.gob.mx\/?post_type=noticias&amp;p=6406"},"modified":"2024-05-23T15:00:02","modified_gmt":"2024-05-23T21:00:02","slug":"boletin-749-fiscalia-de-oaxaca-en-colaboracion-con-fiscalia-del-estado-de-guerrero-y-fiscalia-del-estado-de-mexico-dan-con-el-paradero-de-un-adolescente-reportado-como-no-localizado-en-tlalixta","status":"publish","type":"noticias","link":"https:\/\/portal.fgeo.gob.mx\/index.php\/archivos\/noticias\/boletin-749-fiscalia-de-oaxaca-en-colaboracion-con-fiscalia-del-estado-de-guerrero-y-fiscalia-del-estado-de-mexico-dan-con-el-paradero-de-un-adolescente-reportado-como-no-localizado-en-tlalixta","title":{"rendered":"BOLET\u00cdN 749.-    Fiscal\u00eda de Oaxaca, en colaboraci\u00f3n con Fiscal\u00eda del Estado de Guerrero y Fiscal\u00eda del Estado de M\u00e9xico, dan con el paradero de un adolescente reportado como No Localizado en Tlalixtac de Cabrera"},"content":{"rendered":"<p><strong>\u00a0<\/strong>Oaxaca de Ju\u00e1rez, Oax., 23 de mayo de 2024.- El trabajo efectivo que realizan las \u00e1reas especializadas en personas no localizadas de la Fiscal\u00eda General del Estado de Oaxaca (FGEO), as\u00ed como la estrecha colaboraci\u00f3n interinstitucional con la Fiscal\u00eda General de Justicia del Estado de Guerrero y la Fiscal\u00eda General del Estado de M\u00e9xico, hicieron posible la localizaci\u00f3n del adolescente P. A. D. R.<\/p>\n<p>El 17 de mayo de 2024, el adolescente P.A.D.R. de 16 a\u00f1os de edad, fue visto por \u00faltima vez, al salir de su domicilio ubicado en la poblaci\u00f3n de Tlalixtac de Cabrera a bordo de una motocicleta.<\/p>\n<p>A partir de la denuncia interpuesta por familiares de la v\u00edctima ante la FGEO, se iniciaron las investigaciones al respecto a trav\u00e9s de la Vicefiscal\u00eda de Atenci\u00f3n a V\u00edctimas y a la Sociedad que, derivado de los primeros resultados estableci\u00f3 una la colaboraci\u00f3n directa con la Fiscal\u00eda General de Justicia del Estado de Guerrero y la Fiscal\u00eda General del Estado de M\u00e9xico, as\u00ed como la activaci\u00f3n de la Alerta Amber para fortalecer los trabajos ministeriales<\/p>\n<p>Derivado de las labores de inteligencia en los protocolos de b\u00fasqueda y localizaci\u00f3n de personas, la Fiscal\u00eda del Estado de M\u00e9xico report\u00f3 el 20 de mayo de 2024, la localizaci\u00f3n y resguardo del adolescente, adem\u00e1s que se iniciaron los tr\u00e1mites para su traslado de regreso a Oaxaca, para su certificaci\u00f3n y posterior restituci\u00f3n con su familia.<\/p>\n<p>La denuncia es parte prioritaria y fundamental dentro de los procesos de investigaci\u00f3n y b\u00fasqueda de personas no localizadas que efect\u00faa la Fiscal\u00eda General del Justicia del Estado de Oaxaca, a trav\u00e9s de las \u00e1reas especializadas.<\/p>\n<p><img fetchpriority=\"high\" decoding=\"async\" class=\"alignnone size-medium wp-image-6407\" src=\"https:\/\/portal.fgeo.gob.mx\/wp-content\/uploads\/2024\/05\/WhatsApp-Image-2024-05-23-at-14.07.26-209x300.jpeg\" alt=\"\" width=\"209\" height=\"300\" \/><\/p>\n","protected":false},"author":2,"featured_media":6352,"comment_status":"closed","ping_status":"closed","template":"","tags":[],"categoria_noticias":[],"class_list":["post-16122","noticias","type-noticias","status-publish","has-post-thumbnail","hentry"],"acf":[],"mb":[],"mfb_rest_fields":["title","gutenberg_elementor_mode"],"_links":{"self":[{"href":"https:\/\/portal.fgeo.gob.mx\/index.php\/wp-json\/wp\/v2\/noticias\/16122","targetHints":{"allow":["GET"]}}],"collection":[{"href":"https:\/\/portal.fgeo.gob.mx\/index.php\/wp-json\/wp\/v2\/noticias"}],"about":[{"href":"https:\/\/portal.fgeo.gob.mx\/index.php\/wp-json\/wp\/v2\/types\/noticias"}],"author":[{"embeddable":true,"href":"https:\/\/portal.fgeo.gob.mx\/index.php\/wp-json\/wp\/v2\/users\/2"}],"replies":[{"embeddable":true,"href":"https:\/\/portal.fgeo.gob.mx\/index.php\/wp-json\/wp\/v2\/comments?post=16122"}],"wp:featuredmedia":[{"embeddable":true,"href":"https:\/\/portal.fgeo.gob.mx\/index.php\/wp-json\/"}],"wp:attachment":[{"href":"https:\/\/portal.fgeo.gob.mx\/index.php\/wp-json\/wp\/v2\/media?parent=16122"}],"wp:term":[{"taxonomy":"post_tag","embeddable":true,"href":"https:\/\/portal.fgeo.gob.mx\/index.php\/wp-json\/wp\/v2\/tags?post=16122"},{"taxonomy":"categoria_noticias","embeddable":true,"href":"https:\/\/portal.fgeo.gob.mx\/index.php\/wp-json\/wp\/v2\/categoria_noticias?post=16122"}],"curies":[{"name":"wp","href":"https:\/\/api.w.org\/{rel}","templated":true}]}}