{"id":16100,"date":"2024-05-10T06:39:12","date_gmt":"2024-05-10T12:39:12","guid":{"rendered":"https:\/\/fge.oaxaca.gob.mx\/?post_type=noticias&amp;p=6270"},"modified":"2024-05-10T06:39:12","modified_gmt":"2024-05-10T12:39:12","slug":"boletin-727-tras-vinculacion-a-proceso-fiscalia-de-oaxaca-fortalece-investigaciones-contra-presunto-agresor-de-mujeres-a-la-espera-de-audiencia-de-debate","status":"publish","type":"noticias","link":"https:\/\/portal.fgeo.gob.mx\/index.php\/archivos\/noticias\/boletin-727-tras-vinculacion-a-proceso-fiscalia-de-oaxaca-fortalece-investigaciones-contra-presunto-agresor-de-mujeres-a-la-espera-de-audiencia-de-debate","title":{"rendered":"BOLET\u00cdN 727 &#8211; Tras vinculaci\u00f3n a proceso, Fiscal\u00eda de Oaxaca fortalece investigaciones contra presunto agresor de mujeres, a la espera de audiencia de debate"},"content":{"rendered":"<p style=\"font-weight: 400\"><strong>Oaxaca de Ju\u00e1rez, Oax., a 09 de mayo de 2024.-\u00a0<\/strong>La Fiscal\u00eda General del Estado de Oaxaca (FGEO) fortalece las investigaciones con perspectiva de g\u00e9nero en torno al caso que se sigue en contra del imputado Jos\u00e9 Alberto Mill\u00e1n Toledo, por el delito de Violencia Familiar, proceso legal por el que est\u00e1 Vinculado a Proceso y a espera de que se establezca fecha para la Audiencia de Debate.<\/p>\n<p style=\"font-weight: 400\">\n<p style=\"font-weight: 400\">Conforme a lo asentado en el expediente penal del caso, aunque el imputado ten\u00eda su domicilio en el estado de Morelos, visit\u00f3 la ciudad de Oaxaca de Ju\u00e1rez y, entre el 5 y 6 de junio de 2020, estuvo con la v\u00edctima -quien era su pareja en ese entonces- en un departamento localizado en la calle de Guerrero, en el centro de la capital del estado.<\/p>\n<p style=\"font-weight: 400\">\n<p style=\"font-weight: 400\">De acuerdo con la declaraci\u00f3n de la v\u00edctima, en ese momento sostuvieron una discusi\u00f3n verbal que escal\u00f3 hasta que su agresor la golpe\u00f3 en diferentes ocasiones adem\u00e1s de violentarla de diversas maneras.<\/p>\n<p style=\"font-weight: 400\">\n<p style=\"font-weight: 400\">Ante los hechos, la v\u00edctima acudi\u00f3 ante la FGEO para realizar su denuncia a trav\u00e9s de la Fiscal\u00eda Especializada para la Atenci\u00f3n a Delitos contra la Mujer por Raz\u00f3n de G\u00e9nero, que inici\u00f3 la carpeta de investigaci\u00f3n 17910\/FMUJ\/UDVF\/2020, por el delito de Violencia Familiar.<\/p>\n<p style=\"font-weight: 400\">\n<p><span style=\"font-weight: 400\">En los delitos que impliquen violencia contra las mujeres, como en este caso, la Fiscal\u00eda de Oaxaca aplica la ley con severidad y no permitir\u00e1 que estos hechos queden impunes, por lo que realiza labores ministeriales especializadas y con perspectiva de g\u00e9nero, para que las v\u00edctimas tengan pleno acceso a la justicia, se sancione a los responsables\u00a0 y se generen los mecanismos de reparaci\u00f3n del da\u00f1o que esto implica.<\/span><\/p>\n","protected":false},"author":2,"featured_media":6093,"comment_status":"closed","ping_status":"closed","template":"","tags":[],"categoria_noticias":[],"class_list":["post-16100","noticias","type-noticias","status-publish","has-post-thumbnail","hentry"],"acf":[],"mb":[],"mfb_rest_fields":["title","gutenberg_elementor_mode"],"_links":{"self":[{"href":"https:\/\/portal.fgeo.gob.mx\/index.php\/wp-json\/wp\/v2\/noticias\/16100","targetHints":{"allow":["GET"]}}],"collection":[{"href":"https:\/\/portal.fgeo.gob.mx\/index.php\/wp-json\/wp\/v2\/noticias"}],"about":[{"href":"https:\/\/portal.fgeo.gob.mx\/index.php\/wp-json\/wp\/v2\/types\/noticias"}],"author":[{"embeddable":true,"href":"https:\/\/portal.fgeo.gob.mx\/index.php\/wp-json\/wp\/v2\/users\/2"}],"replies":[{"embeddable":true,"href":"https:\/\/portal.fgeo.gob.mx\/index.php\/wp-json\/wp\/v2\/comments?post=16100"}],"wp:featuredmedia":[{"embeddable":true,"href":"https:\/\/portal.fgeo.gob.mx\/index.php\/wp-json\/"}],"wp:attachment":[{"href":"https:\/\/portal.fgeo.gob.mx\/index.php\/wp-json\/wp\/v2\/media?parent=16100"}],"wp:term":[{"taxonomy":"post_tag","embeddable":true,"href":"https:\/\/portal.fgeo.gob.mx\/index.php\/wp-json\/wp\/v2\/tags?post=16100"},{"taxonomy":"categoria_noticias","embeddable":true,"href":"https:\/\/portal.fgeo.gob.mx\/index.php\/wp-json\/wp\/v2\/categoria_noticias?post=16100"}],"curies":[{"name":"wp","href":"https:\/\/api.w.org\/{rel}","templated":true}]}}