{"id":16097,"date":"2024-05-08T16:13:51","date_gmt":"2024-05-08T22:13:51","guid":{"rendered":"https:\/\/fge.oaxaca.gob.mx\/?post_type=noticias&amp;p=6260"},"modified":"2024-05-08T16:13:51","modified_gmt":"2024-05-08T22:13:51","slug":"boletin-724-firma-fgeo-colaboracion-con-usaid-poder-judicial-y-fundacion-idea-para-implementacion-de-proyecto-ni-un-feminicidio-mas","status":"publish","type":"noticias","link":"https:\/\/portal.fgeo.gob.mx\/index.php\/archivos\/noticias\/boletin-724-firma-fgeo-colaboracion-con-usaid-poder-judicial-y-fundacion-idea-para-implementacion-de-proyecto-ni-un-feminicidio-mas","title":{"rendered":"BOLET\u00cdN 724.- Firma FGEO colaboraci\u00f3n con USAID, Poder Judicial y Fundaci\u00f3n IDEA para implementaci\u00f3n de proyecto \u201cNi un Feminicidio M\u00e1s\u201d"},"content":{"rendered":"<p>Oaxaca de Ju\u00e1rez, Oax. 8 de mayo de 2024.- Al firmar el memorando de entendimiento con la Agencia de los Estados Unidos para el Desarrollo Internacional (USAID) y sociedad civil como la Fundaci\u00f3n IDEA, los especialistas de Fortis Consultor\u00eda y el Tribunal Superior de Justicia de Oaxaca, el Fiscal General, Bernardo Rodr\u00edguez Alamilla, dijo que la instituci\u00f3n procuradora de justicia tiene entre sus prioridades generar mejores procesos de investigaci\u00f3n y atenci\u00f3n fortaleciendo la aplicaci\u00f3n de la perspectiva de g\u00e9nero para realizar labores integrales y eficientes, por ello, la Fiscal\u00eda General de Oaxaca se suma al proyecto \u201cNi un Feminicidio M\u00e1s\u201d.<\/p>\n<p>&nbsp;<\/p>\n<p>Acompa\u00f1ado por la magistrada presidenta de la Sala Constitucional y Cuarta Sala Penal, Gregoria Hortensia Castellanos Ch\u00e1vez; el subdirector de la Oficina de Gobernanza, Seguridad Ciudadana y Derecho Humanos de la USAID, Anders Mantius;el director de Ni un Feminicidio y miembro del Consejo de Fundaci\u00f3n IDEA M\u00e1s, Marco L\u00f3pez -Silva; el Fiscal General Bernardo Rodr\u00edguez dijo que trabajar con otras instancias es una oportunidad para potenciar el alcance de las acciones de procuraci\u00f3n de justicia, especialmente la alianza con el Tribunal Superior de Justicia, permitir\u00e1 que las v\u00edctimas accedan plenamente a su derecho a la justicia.<\/p>\n<p>&nbsp;<\/p>\n<p>Y a\u00f1adi\u00f3, que la Fiscal\u00eda est\u00e1 en un proceso de reingenier\u00eda institucional que tiene el objetivo de generar mejores procedimientos en casos de violencia de g\u00e9nero como el feminicidio, para ello necesitamos transversalizar adecuadamente la perspectiva de g\u00e9nero para brindar servicios diferenciados, lograrlo requiere no solo de un cambio te\u00f3rico, sino de cambios estructurales en la instituci\u00f3n procuradora de justicia.<\/p>\n<p>&nbsp;<\/p>\n<p>Por su parte, al intervenir la magistrada presidenta de la Sala Constitucional y Cuarta Sala Penal, Gregoria Hortensia Castellanos Ch\u00e1vez, se\u00f1al\u00f3 que el Poder Judicial y la Fiscal\u00eda de Oaxaca por medio de acciones conjuntas buscan mejorar la investigaci\u00f3n y sanci\u00f3n de los casos de feminicidio, pues, es una acci\u00f3n necesaria ante la alta incidencia de casos de violencia contra las mujeres.<\/p>\n<p>&nbsp;<\/p>\n<p>Mientras que al intervenir, la especialista en derechos humanos de USAID, Dafne G\u00f3mez, puntualiz\u00f3 que el tema del feminicidio es prioritario dentro de su agenda de trabajo, pues, atender la violencia feminicida requiere de la colaboraci\u00f3n de todas y todos, por lo que esta apertura de las autoridades mexicanas permite que por medio de la asistencia t\u00e9cnica se logren mejorar los procedimientos.<\/p>\n<p>&nbsp;<\/p>\n<p>Al participar, Marcos L\u00f3pez -Silva, director de Ni un Feminicidio M\u00e1s y miembro del Consejo de Fundaci\u00f3n IDEA, reconoci\u00f3 y agradeci\u00f3 la apertura de las autoridades para colaborar, ya que la asistencia t\u00e9cnica que se brindar\u00e1 por medio de este proyecto har\u00e1 posible desarrollar herramientas que fortalezcan los procesos de justicia e incluso que favorezcan la prevenci\u00f3n del delito de feminicidio.<\/p>\n<p>&nbsp;<\/p>\n<p>Finalmente, la Fiscal\u00eda General del Estado de Oaxaca se suma a la implementaci\u00f3n del proyecto \u201cNi un Feminicidio M\u00e1s\u201d, el cual permitir\u00e1 que la FGEO pueda recibir asistencia t\u00e9cnica para mejorar sus capacidades de investigaci\u00f3n, al mismo tiempo se logra articular la colaboraci\u00f3n con el Tribunal Superior de Justicia para que en forma conjunta se pueda brindar un mejor acceso a la justicia a las v\u00edctimas directas e indirectas del delito de feminicidio.<\/p>\n<p>&nbsp;<\/p>\n<p><img fetchpriority=\"high\" decoding=\"async\" class=\"alignnone size-medium wp-image-6261\" src=\"https:\/\/portal.fgeo.gob.mx\/wp-content\/uploads\/2024\/05\/1-2-300x200.jpeg\" alt=\"\" width=\"300\" height=\"200\" \/> <img decoding=\"async\" class=\"alignnone size-medium wp-image-6262\" src=\"https:\/\/portal.fgeo.gob.mx\/wp-content\/uploads\/2024\/05\/2-2-300x200.jpeg\" alt=\"\" width=\"300\" height=\"200\" \/> <img decoding=\"async\" class=\"alignnone size-medium wp-image-6263\" src=\"https:\/\/portal.fgeo.gob.mx\/wp-content\/uploads\/2024\/05\/3-1-300x200.jpeg\" alt=\"\" width=\"300\" height=\"200\" \/> <img loading=\"lazy\" decoding=\"async\" class=\"alignnone size-medium wp-image-6264\" src=\"https:\/\/portal.fgeo.gob.mx\/wp-content\/uploads\/2024\/05\/4-2-300x200.jpeg\" alt=\"\" width=\"300\" height=\"200\" \/> <img loading=\"lazy\" decoding=\"async\" class=\"alignnone size-medium wp-image-6265\" src=\"https:\/\/portal.fgeo.gob.mx\/wp-content\/uploads\/2024\/05\/5-2-300x200.jpeg\" alt=\"\" width=\"300\" height=\"200\" \/><\/p>\n","protected":false},"author":2,"featured_media":6093,"comment_status":"closed","ping_status":"closed","template":"","tags":[],"categoria_noticias":[],"class_list":["post-16097","noticias","type-noticias","status-publish","has-post-thumbnail","hentry"],"acf":[],"mb":[],"mfb_rest_fields":["title","gutenberg_elementor_mode"],"_links":{"self":[{"href":"https:\/\/portal.fgeo.gob.mx\/index.php\/wp-json\/wp\/v2\/noticias\/16097","targetHints":{"allow":["GET"]}}],"collection":[{"href":"https:\/\/portal.fgeo.gob.mx\/index.php\/wp-json\/wp\/v2\/noticias"}],"about":[{"href":"https:\/\/portal.fgeo.gob.mx\/index.php\/wp-json\/wp\/v2\/types\/noticias"}],"author":[{"embeddable":true,"href":"https:\/\/portal.fgeo.gob.mx\/index.php\/wp-json\/wp\/v2\/users\/2"}],"replies":[{"embeddable":true,"href":"https:\/\/portal.fgeo.gob.mx\/index.php\/wp-json\/wp\/v2\/comments?post=16097"}],"wp:featuredmedia":[{"embeddable":true,"href":"https:\/\/portal.fgeo.gob.mx\/index.php\/wp-json\/"}],"wp:attachment":[{"href":"https:\/\/portal.fgeo.gob.mx\/index.php\/wp-json\/wp\/v2\/media?parent=16097"}],"wp:term":[{"taxonomy":"post_tag","embeddable":true,"href":"https:\/\/portal.fgeo.gob.mx\/index.php\/wp-json\/wp\/v2\/tags?post=16097"},{"taxonomy":"categoria_noticias","embeddable":true,"href":"https:\/\/portal.fgeo.gob.mx\/index.php\/wp-json\/wp\/v2\/categoria_noticias?post=16097"}],"curies":[{"name":"wp","href":"https:\/\/api.w.org\/{rel}","templated":true}]}}