{"id":16095,"date":"2024-05-08T08:00:12","date_gmt":"2024-05-08T14:00:12","guid":{"rendered":"https:\/\/fge.oaxaca.gob.mx\/?post_type=noticias&amp;p=6253"},"modified":"2024-05-08T08:00:12","modified_gmt":"2024-05-08T14:00:12","slug":"boletin-722-logra-fgeo-vincular-a-proceso-a-objetivo-prioritario-relacionado-con-el-robo-de-vehiculos-en-oaxaca-de-juarez-y-zona-conurbada","status":"publish","type":"noticias","link":"https:\/\/portal.fgeo.gob.mx\/index.php\/archivos\/noticias\/boletin-722-logra-fgeo-vincular-a-proceso-a-objetivo-prioritario-relacionado-con-el-robo-de-vehiculos-en-oaxaca-de-juarez-y-zona-conurbada","title":{"rendered":"BOLET\u00cdN 722.- Logra FGEO vincular a proceso a objetivo prioritario relacionado con el robo de veh\u00edculos en Oaxaca de Ju\u00e1rez y zona conurbada"},"content":{"rendered":"<p>* _ J.M.G.M., alias &#8220;El Chema&#8221;, es la tercera persona vinculada a proceso que pertenecer\u00eda a una de las principales bandas de robo de veh\u00edculos en la capital_<\/p>\n<p>Oaxaca de Ju\u00e1rez, Oax. 8 de mayo de 2024.- Derivado de los trabajos de inteligencia e investigaci\u00f3n, la Fiscal\u00eda general del Estado de Oaxaca (FGEO) obtuvo auto de vinculaci\u00f3n a proceso contra una persona del sexo masculino identificada como J.M.G.M., alias el &#8220;Chema&#8221;, por robo de veh\u00edculo con violencia ocurrido en los Valles Centrales, ser\u00eda un objetivo prioritario en la Zona Metropolitana.<\/p>\n<p>De acuerdo con la causa penal del caso, el imputado J.M.G.M alias &#8220;El Chema&#8221;, fue procesado junto con otras dos personas identificadas como J.C.G.L., alias &#8220;El Gordo&#8221; y R.I.S.M., alias &#8220;El Profe&#8221;, quienes presumiblemente forman parte de la misma banda delictiva que estar\u00eda relacionada con robos de veh\u00edculos de motor en la capital y municipios conurbados.<\/p>\n<p>Seg\u00fan el expediente, las investigaciones para desarticular esta banda se intensificaron a partir de las denuncias en redes sociales; en un caso reciente, se difundi\u00f3 un video en el que se observa a una persona que roba una motocicleta en v\u00eda p\u00fablica, lo cual ayud\u00f3 a agilizar las investigaciones al respecto.<\/p>\n<p><img fetchpriority=\"high\" decoding=\"async\" class=\"alignnone size-medium wp-image-6255\" src=\"https:\/\/portal.fgeo.gob.mx\/wp-content\/uploads\/2024\/05\/2-278x300.jpg\" alt=\"\" width=\"278\" height=\"300\" \/><\/p>\n<p>Luego de recabar y evaluar los datos de prueba que present\u00f3 la FGEO ante el Juez que atiende la causa, J.M.G.M., alias el &#8220;Chema&#8221;, qued\u00f3 vinculado a proceso y se le impuso la medida cautelar de prisi\u00f3n preventiva justificada.<\/p>\n<p>La Fiscal\u00eda de Oaxaca realiza trabajos de investigaci\u00f3n con estricto apego a la ley, para que los resultados de las labores de procuraci\u00f3n de justicia permitan mantener la paz social en beneficio de la ciudadan\u00eda. Adem\u00e1s, con este tipo de acciones se busca desalentar y contener la comisi\u00f3n de este tipo de delitos.<\/p>\n<p><img decoding=\"async\" class=\"alignnone size-medium wp-image-6254\" src=\"https:\/\/portal.fgeo.gob.mx\/wp-content\/uploads\/2024\/05\/1-169x300.jpg\" alt=\"\" width=\"169\" height=\"300\" \/><\/p>\n","protected":false},"author":2,"featured_media":6093,"comment_status":"closed","ping_status":"closed","template":"","tags":[],"categoria_noticias":[],"class_list":["post-16095","noticias","type-noticias","status-publish","has-post-thumbnail","hentry"],"acf":[],"mb":[],"mfb_rest_fields":["title","gutenberg_elementor_mode"],"_links":{"self":[{"href":"https:\/\/portal.fgeo.gob.mx\/index.php\/wp-json\/wp\/v2\/noticias\/16095","targetHints":{"allow":["GET"]}}],"collection":[{"href":"https:\/\/portal.fgeo.gob.mx\/index.php\/wp-json\/wp\/v2\/noticias"}],"about":[{"href":"https:\/\/portal.fgeo.gob.mx\/index.php\/wp-json\/wp\/v2\/types\/noticias"}],"author":[{"embeddable":true,"href":"https:\/\/portal.fgeo.gob.mx\/index.php\/wp-json\/wp\/v2\/users\/2"}],"replies":[{"embeddable":true,"href":"https:\/\/portal.fgeo.gob.mx\/index.php\/wp-json\/wp\/v2\/comments?post=16095"}],"wp:featuredmedia":[{"embeddable":true,"href":"https:\/\/portal.fgeo.gob.mx\/index.php\/wp-json\/"}],"wp:attachment":[{"href":"https:\/\/portal.fgeo.gob.mx\/index.php\/wp-json\/wp\/v2\/media?parent=16095"}],"wp:term":[{"taxonomy":"post_tag","embeddable":true,"href":"https:\/\/portal.fgeo.gob.mx\/index.php\/wp-json\/wp\/v2\/tags?post=16095"},{"taxonomy":"categoria_noticias","embeddable":true,"href":"https:\/\/portal.fgeo.gob.mx\/index.php\/wp-json\/wp\/v2\/categoria_noticias?post=16095"}],"curies":[{"name":"wp","href":"https:\/\/api.w.org\/{rel}","templated":true}]}}