{"id":16091,"date":"2024-05-06T11:20:08","date_gmt":"2024-05-06T17:20:08","guid":{"rendered":"https:\/\/fge.oaxaca.gob.mx\/?post_type=noticias&amp;p=6246"},"modified":"2024-05-06T11:20:08","modified_gmt":"2024-05-06T17:20:08","slug":"boletin-718-obtiene-fgeo-vinculacion-a-proceso-por-caso-de-pederastia-agravada-cometida-en-un-preescolar-de-la-mixteca","status":"publish","type":"noticias","link":"https:\/\/portal.fgeo.gob.mx\/index.php\/archivos\/noticias\/boletin-718-obtiene-fgeo-vinculacion-a-proceso-por-caso-de-pederastia-agravada-cometida-en-un-preescolar-de-la-mixteca","title":{"rendered":"BOLET\u00cdN 718.- Obtiene FGEO vinculaci\u00f3n a proceso por caso de pederastia agravada cometida en un preescolar de la Mixteca"},"content":{"rendered":"<p>Oaxaca de Ju\u00e1rez, Oax. 6 de mayo de 2024.- Garantizar una procuraci\u00f3n de justicia pronta en casos de ni\u00f1as, ni\u00f1os y adolescentes es una de las prioridades de la Fiscal\u00eda General del Estado de Oaxaca logr\u00f3 la vinculaci\u00f3n a proceso de una persona del sexo masculino identificada como D.A.L.L. -profesor de una escuela preescolar-, por delito de pederastia agravada en perjuicio de una alumna cometido en la regi\u00f3n de la Mixteca.<\/p>\n<p>De acuerdo con el expediente penal, los hechos ocurrieron el 12 de febrero de 2024, cuando la v\u00edctima (una menor de edad cuya identidad est\u00e1 reservada por ley) estaba en la escuela preescolar ubicada en la colonia Centro del municipio de Huajuapan de Le\u00f3n, cuando fue v\u00edctima de una agresi\u00f3n sexual.<\/p>\n<p>La Fiscal\u00eda de Oaxaca tuvo conocimiento del caso tras recibir la denuncia, por ello, inici\u00f3 las investigaciones correspondientes a trav\u00e9s de la Vicefiscal\u00eda Regional de la Mixteca, y dio cumplimiento a la orden de aprehensi\u00f3n contra D.A.L.L. Al presentar los datos de prueba aportados por el Ministerio P\u00fablico, los cuales fueron evaluados por el Juez que conoce la causa, quien determin\u00f3 dictar la vinculaci\u00f3n a proceso en contra del imputado D.A.L.L., a quien adem\u00e1s le impuso la medida de prisi\u00f3n preventiva y concedi\u00f3 tres meses para el cierre de la investigaci\u00f3n.<\/p>\n<p>La Fiscal\u00eda General del Estado de Oaxaca tiene como prioridad garantizar procesos de justicia eficientes en los casos de delitos cometidos en contra de ni\u00f1as, ni\u00f1os y adolescentes, a trav\u00e9s de investigaciones integrales y con perspectiva de infancia que logren garantizar el inter\u00e9s superior de la ni\u00f1ez.<\/p>\n<p>&nbsp;<\/p>\n","protected":false},"author":2,"featured_media":6093,"comment_status":"closed","ping_status":"closed","template":"","tags":[],"categoria_noticias":[],"class_list":["post-16091","noticias","type-noticias","status-publish","has-post-thumbnail","hentry"],"acf":[],"mb":[],"mfb_rest_fields":["title","gutenberg_elementor_mode"],"_links":{"self":[{"href":"https:\/\/portal.fgeo.gob.mx\/index.php\/wp-json\/wp\/v2\/noticias\/16091","targetHints":{"allow":["GET"]}}],"collection":[{"href":"https:\/\/portal.fgeo.gob.mx\/index.php\/wp-json\/wp\/v2\/noticias"}],"about":[{"href":"https:\/\/portal.fgeo.gob.mx\/index.php\/wp-json\/wp\/v2\/types\/noticias"}],"author":[{"embeddable":true,"href":"https:\/\/portal.fgeo.gob.mx\/index.php\/wp-json\/wp\/v2\/users\/2"}],"replies":[{"embeddable":true,"href":"https:\/\/portal.fgeo.gob.mx\/index.php\/wp-json\/wp\/v2\/comments?post=16091"}],"wp:featuredmedia":[{"embeddable":true,"href":"https:\/\/portal.fgeo.gob.mx\/index.php\/wp-json\/"}],"wp:attachment":[{"href":"https:\/\/portal.fgeo.gob.mx\/index.php\/wp-json\/wp\/v2\/media?parent=16091"}],"wp:term":[{"taxonomy":"post_tag","embeddable":true,"href":"https:\/\/portal.fgeo.gob.mx\/index.php\/wp-json\/wp\/v2\/tags?post=16091"},{"taxonomy":"categoria_noticias","embeddable":true,"href":"https:\/\/portal.fgeo.gob.mx\/index.php\/wp-json\/wp\/v2\/categoria_noticias?post=16091"}],"curies":[{"name":"wp","href":"https:\/\/api.w.org\/{rel}","templated":true}]}}