{"id":16087,"date":"2024-05-03T13:30:30","date_gmt":"2024-05-03T19:30:30","guid":{"rendered":"https:\/\/fge.oaxaca.gob.mx\/?post_type=noticias&amp;p=6222"},"modified":"2024-05-03T13:30:30","modified_gmt":"2024-05-03T19:30:30","slug":"boletin-714-fiscalia-de-oaxaca-obtiene-vinculacion-a-proceso-y-prision-contra-imputado-por-violencia-familiar-cometida-en-la-region-de-la-sierra-de-flores-magon","status":"publish","type":"noticias","link":"https:\/\/portal.fgeo.gob.mx\/index.php\/archivos\/noticias\/boletin-714-fiscalia-de-oaxaca-obtiene-vinculacion-a-proceso-y-prision-contra-imputado-por-violencia-familiar-cometida-en-la-region-de-la-sierra-de-flores-magon","title":{"rendered":"BOLET\u00cdN 714.- Fiscal\u00eda de Oaxaca obtiene vinculaci\u00f3n a proceso y prisi\u00f3n contra imputado por violencia familiar cometida en la regi\u00f3n de la Sierra de Flores Mag\u00f3n"},"content":{"rendered":"<p>Oaxaca de Ju\u00e1rez, Oax. 3 de mayo de 2024.- La Fiscal\u00eda General del Estado de Oaxaca (FGEO) obtuvo auto de vinculaci\u00f3n a proceso y prisi\u00f3n preventiva en contra una persona del sexo masculino identificada como J.A.C.M., por el delito de violencia familiar ocurrida en la regi\u00f3n de la Sierra de Flores Mag\u00f3n.<\/p>\n<p>De acuerdo con lo asentado en el expediente penal del caso, los hechos ocurrieron en el municipio de San Juan Bautista Cuicatl\u00e1n, donde la v\u00edctima -identificada como A.V.C.- fue agredida en diferentes ocasiones de manera verbal y digital entre octubre de 2023 y febrero de 2024, a pesar de las medidas de protecci\u00f3n dictadas a favor de la v\u00edctima.<\/p>\n<p>Tras estos hechos, la FGEO a trav\u00e9s de la Vicefiscal\u00eda General de Control Regional inici\u00f3 las investigaciones correspondientes, gracias a las cuales se obtuvo una orden de aprehensi\u00f3n contra J.A.C.M.<\/p>\n<p>Al presentar los datos de prueba, el Juez que atiende la causa dict\u00f3 auto de vinculaci\u00f3n a proceso en contra del imputado por el delito de violencia familiar e impuso la medida cautelar de prisi\u00f3n preventiva.<\/p>\n<p>La Fiscal\u00eda General de Oaxaca refrenda su compromiso de seguir trabajando para dar resultados inmediatos y no dejar en la impunidad hechos que vulneren o atenten contra la integridad de las v\u00edctimas.<\/p>\n<p>&nbsp;<\/p>\n<p>&nbsp;<\/p>\n","protected":false},"author":2,"featured_media":6093,"comment_status":"closed","ping_status":"closed","template":"","tags":[],"categoria_noticias":[],"class_list":["post-16087","noticias","type-noticias","status-publish","has-post-thumbnail","hentry"],"acf":[],"mb":[],"mfb_rest_fields":["title","gutenberg_elementor_mode"],"_links":{"self":[{"href":"https:\/\/portal.fgeo.gob.mx\/index.php\/wp-json\/wp\/v2\/noticias\/16087","targetHints":{"allow":["GET"]}}],"collection":[{"href":"https:\/\/portal.fgeo.gob.mx\/index.php\/wp-json\/wp\/v2\/noticias"}],"about":[{"href":"https:\/\/portal.fgeo.gob.mx\/index.php\/wp-json\/wp\/v2\/types\/noticias"}],"author":[{"embeddable":true,"href":"https:\/\/portal.fgeo.gob.mx\/index.php\/wp-json\/wp\/v2\/users\/2"}],"replies":[{"embeddable":true,"href":"https:\/\/portal.fgeo.gob.mx\/index.php\/wp-json\/wp\/v2\/comments?post=16087"}],"wp:featuredmedia":[{"embeddable":true,"href":"https:\/\/portal.fgeo.gob.mx\/index.php\/wp-json\/"}],"wp:attachment":[{"href":"https:\/\/portal.fgeo.gob.mx\/index.php\/wp-json\/wp\/v2\/media?parent=16087"}],"wp:term":[{"taxonomy":"post_tag","embeddable":true,"href":"https:\/\/portal.fgeo.gob.mx\/index.php\/wp-json\/wp\/v2\/tags?post=16087"},{"taxonomy":"categoria_noticias","embeddable":true,"href":"https:\/\/portal.fgeo.gob.mx\/index.php\/wp-json\/wp\/v2\/categoria_noticias?post=16087"}],"curies":[{"name":"wp","href":"https:\/\/api.w.org\/{rel}","templated":true}]}}