{"id":16083,"date":"2024-05-02T10:41:46","date_gmt":"2024-05-02T16:41:46","guid":{"rendered":"https:\/\/fge.oaxaca.gob.mx\/?post_type=noticias&amp;p=6169"},"modified":"2024-05-02T10:41:46","modified_gmt":"2024-05-02T16:41:46","slug":"boletin-710-en-operativos-simultanea-fgeo-aprehende-a-dos-por-robo-de-vehiculo-se-investiga-relacion-con-ola-de-delitos-cometidos-en-valles-centrales","status":"publish","type":"noticias","link":"https:\/\/portal.fgeo.gob.mx\/index.php\/archivos\/noticias\/boletin-710-en-operativos-simultanea-fgeo-aprehende-a-dos-por-robo-de-vehiculo-se-investiga-relacion-con-ola-de-delitos-cometidos-en-valles-centrales","title":{"rendered":"BOLET\u00cdN 710.- En operativos simult\u00e1nea, FGEO aprehende a dos por robo de veh\u00edculo; se investiga relaci\u00f3n con ola de delitos cometidos en Valles Centrales"},"content":{"rendered":"<p>* Las investigaciones apuntan a que tendr\u00edan relaci\u00f3n con una banda dedicada al robo principalmente de motocicletas<\/p>\n<p>Oaxaca de Ju\u00e1rez, Oax., a 02 de mayo de 2024.- Derivado de los trabajos de inteligencia e investigaci\u00f3n efectuados por personal de la Fiscal\u00eda general del Estado de Oaxaca (FGEO), a trav\u00e9s de la unidad especializada en Combate al Robo de Veh\u00edculos dependiente de la Fiscal\u00eda Especializada para la Atenci\u00f3n a Delitos de Alto Impacto, logr\u00f3 la desarticulaci\u00f3n de una banda dedicada al robo de veh\u00edculos, luego de la aprehensi\u00f3n, vinculaci\u00f3n a proceso y prisi\u00f3n preventiva de dos personas del sexo masculino identificadas como\u00a0 J.C.G.L y R.I.S.M., por lo que se investiga su probable relaci\u00f3n con varios casos ocurridos en la capital de la entidad y Valles Centrales.<\/p>\n<p>Al realizar el an\u00e1lisis e investigaci\u00f3n a partir de denuncias por robo de veh\u00edculos, la FGEO, con la finalidad de combatir y minimizar la comisi\u00f3n de este delito en la capital oaxaque\u00f1a, se obtuvieron dos \u00f3rdenes de aprehensi\u00f3n.<\/p>\n<p>Por lo cual, elementos de la Agencia Estatal de Investigaciones (AEI) realizaron la detenci\u00f3n simult\u00e1nea en dos operativos coordinados en diversos puntos de la ciudad de Oaxaca, de dos personas del sexo masculino identificadas como J.C.G.L y R.I.S.M., quienes presumiblemente estar\u00edan relacionados con una banda responsable de diversos robos de veh\u00edculos de motor cometidos con violencia.<\/p>\n<p>Despu\u00e9s de que, conforme a derecho, les fue ejecutada la orden de aprehensi\u00f3n en contra de los imputados por el delito de robo de veh\u00edculo de motor con violencia, ambas personas fueron presentadas ante el Juez de Control que, tras evaluar los datos de prueba obtenidos por la FGEO, dict\u00f3 auto de vinculaci\u00f3n a proceso e impuso la medida cautelar de prisi\u00f3n preventiva en su contra.<\/p>\n<p>El mandato judicial que se cumpliment\u00f3, deriva de los hechos ocurridos el 15 de enero de 2024, en calles aleda\u00f1as al Municipio de San Jacinto Amilpas, cuando un grupo de personas, con lujo de violencia y portando armas de fuego, despojaron a la v\u00edctima de un veh\u00edculo.<\/p>\n<p>Estas detenciones son parte de las acciones que realiza la Fiscal\u00eda de Oaxaca para combatir directamente la comisi\u00f3n de delitos de Alto Impacto en los Valles Centrales, para garantizar la seguridad p\u00fablica a favor de la ciudadan\u00eda.<\/p>\n<p><img fetchpriority=\"high\" decoding=\"async\" class=\"alignnone size-medium wp-image-6170\" src=\"https:\/\/portal.fgeo.gob.mx\/wp-content\/uploads\/2024\/05\/FOTO-2-225x300.jpg\" alt=\"\" width=\"225\" height=\"300\" \/> <img decoding=\"async\" class=\"alignnone size-medium wp-image-6171\" src=\"https:\/\/portal.fgeo.gob.mx\/wp-content\/uploads\/2024\/05\/FOTO-1-135x300.jpg\" alt=\"\" width=\"135\" height=\"300\" \/><\/p>\n<p>&nbsp;<\/p>\n","protected":false},"author":2,"featured_media":6093,"comment_status":"closed","ping_status":"closed","template":"","tags":[],"categoria_noticias":[],"class_list":["post-16083","noticias","type-noticias","status-publish","has-post-thumbnail","hentry"],"acf":[],"mb":[],"mfb_rest_fields":["title","gutenberg_elementor_mode"],"_links":{"self":[{"href":"https:\/\/portal.fgeo.gob.mx\/index.php\/wp-json\/wp\/v2\/noticias\/16083","targetHints":{"allow":["GET"]}}],"collection":[{"href":"https:\/\/portal.fgeo.gob.mx\/index.php\/wp-json\/wp\/v2\/noticias"}],"about":[{"href":"https:\/\/portal.fgeo.gob.mx\/index.php\/wp-json\/wp\/v2\/types\/noticias"}],"author":[{"embeddable":true,"href":"https:\/\/portal.fgeo.gob.mx\/index.php\/wp-json\/wp\/v2\/users\/2"}],"replies":[{"embeddable":true,"href":"https:\/\/portal.fgeo.gob.mx\/index.php\/wp-json\/wp\/v2\/comments?post=16083"}],"wp:featuredmedia":[{"embeddable":true,"href":"https:\/\/portal.fgeo.gob.mx\/index.php\/wp-json\/"}],"wp:attachment":[{"href":"https:\/\/portal.fgeo.gob.mx\/index.php\/wp-json\/wp\/v2\/media?parent=16083"}],"wp:term":[{"taxonomy":"post_tag","embeddable":true,"href":"https:\/\/portal.fgeo.gob.mx\/index.php\/wp-json\/wp\/v2\/tags?post=16083"},{"taxonomy":"categoria_noticias","embeddable":true,"href":"https:\/\/portal.fgeo.gob.mx\/index.php\/wp-json\/wp\/v2\/categoria_noticias?post=16083"}],"curies":[{"name":"wp","href":"https:\/\/api.w.org\/{rel}","templated":true}]}}