{"id":16079,"date":"2024-04-29T13:10:56","date_gmt":"2024-04-29T19:10:56","guid":{"rendered":"https:\/\/fge.oaxaca.gob.mx\/?post_type=noticias&amp;p=6133"},"modified":"2024-04-29T13:10:56","modified_gmt":"2024-04-29T19:10:56","slug":"boletin-706-fgeo-ejecuta-orden-de-aprehension-por-pederastia-agravada-cometido-en-la-region-de-la-mixteca","status":"publish","type":"noticias","link":"https:\/\/portal.fgeo.gob.mx\/index.php\/archivos\/noticias\/boletin-706-fgeo-ejecuta-orden-de-aprehension-por-pederastia-agravada-cometido-en-la-region-de-la-mixteca","title":{"rendered":"BOLET\u00cdN 706.- FGEO ejecuta orden de aprehensi\u00f3n por Pederastia Agravada, cometido en la regi\u00f3n de la Mixteca"},"content":{"rendered":"<p>* La persona detenida es profesor de un jard\u00edn de ni\u00f1os en el que se cometi\u00f3 el delito en agravio de una alumna<\/p>\n<p>Oaxaca de Ju\u00e1rez, Oax., a 29 de abril de 2024.- Como parte de la estrategia de combate a los delitos cometidos en contra de ni\u00f1as, adolescentes y mujeres, la Fiscal\u00eda General del Estado de Oaxaca (FGEO) ejecut\u00f3 una orden de aprehensi\u00f3n a la persona del sexo masculino identificada como D.A.L.L. -profesor de una escuela preescolar-, por el delito de pederastia agravada, en perjuicio de una alumna, cometido en la regi\u00f3n de la Mixteca.<\/p>\n<p>De acuerdo con la causa penal, los hechos sucedieron el 12 de febrero de 2024, cuando la v\u00edctima (una menor de edad cuya identidad est\u00e1 reservada por ley) se encontraba en la escuela preescolar ubicada en la colonia centro, en el municipio de Huajuapan de Le\u00f3n, sitio en el que sufri\u00f3 una agresi\u00f3n sexual.<\/p>\n<p>Cuando la FGEO tom\u00f3 conocimiento a trav\u00e9s de la denuncia, inici\u00f3 las investigaciones correspondientes que quedaron a cargo de la Vicefiscal\u00eda Regional de la Mixteca, las cuales permitieron obtener una orden de aprehensi\u00f3n, la cual se ejecut\u00f3 el 24 de abril de 2024, en contra de D.A.L.L.<\/p>\n<p>Tras dar cumplimiento de la orden de aprehensi\u00f3n, el detenido fue puesto a disposici\u00f3n de la autoridad que lo requiri\u00f3, quedando en prisi\u00f3n preventiva.<\/p>\n<p>La Fiscal\u00eda del Estado de Oaxaca refrenda su compromiso de brindar una atenci\u00f3n integral a las v\u00edctimas, especialmente cuando se trata de delitos cometidos en contra de ni\u00f1as, ni\u00f1os y adolescentes, a efecto de garantizar el derecho a tener una vida libre de violencia.<\/p>\n<p>&nbsp;<\/p>\n","protected":false},"author":2,"featured_media":6093,"comment_status":"closed","ping_status":"closed","template":"","tags":[],"categoria_noticias":[],"class_list":["post-16079","noticias","type-noticias","status-publish","has-post-thumbnail","hentry"],"acf":[],"mb":[],"mfb_rest_fields":["title","gutenberg_elementor_mode"],"_links":{"self":[{"href":"https:\/\/portal.fgeo.gob.mx\/index.php\/wp-json\/wp\/v2\/noticias\/16079","targetHints":{"allow":["GET"]}}],"collection":[{"href":"https:\/\/portal.fgeo.gob.mx\/index.php\/wp-json\/wp\/v2\/noticias"}],"about":[{"href":"https:\/\/portal.fgeo.gob.mx\/index.php\/wp-json\/wp\/v2\/types\/noticias"}],"author":[{"embeddable":true,"href":"https:\/\/portal.fgeo.gob.mx\/index.php\/wp-json\/wp\/v2\/users\/2"}],"replies":[{"embeddable":true,"href":"https:\/\/portal.fgeo.gob.mx\/index.php\/wp-json\/wp\/v2\/comments?post=16079"}],"wp:featuredmedia":[{"embeddable":true,"href":"https:\/\/portal.fgeo.gob.mx\/index.php\/wp-json\/"}],"wp:attachment":[{"href":"https:\/\/portal.fgeo.gob.mx\/index.php\/wp-json\/wp\/v2\/media?parent=16079"}],"wp:term":[{"taxonomy":"post_tag","embeddable":true,"href":"https:\/\/portal.fgeo.gob.mx\/index.php\/wp-json\/wp\/v2\/tags?post=16079"},{"taxonomy":"categoria_noticias","embeddable":true,"href":"https:\/\/portal.fgeo.gob.mx\/index.php\/wp-json\/wp\/v2\/categoria_noticias?post=16079"}],"curies":[{"name":"wp","href":"https:\/\/api.w.org\/{rel}","templated":true}]}}