{"id":16078,"date":"2024-04-29T10:44:10","date_gmt":"2024-04-29T16:44:10","guid":{"rendered":"https:\/\/fge.oaxaca.gob.mx\/?post_type=noticias&amp;p=6132"},"modified":"2024-04-29T10:44:10","modified_gmt":"2024-04-29T16:44:10","slug":"boletin-705-obtiene-fiscalia-de-oaxaca-sentencia-de-40-anos-contra-responsable-de-homicidio-cometido-en-la-sierra-de-flores-magon","status":"publish","type":"noticias","link":"https:\/\/portal.fgeo.gob.mx\/index.php\/archivos\/noticias\/boletin-705-obtiene-fiscalia-de-oaxaca-sentencia-de-40-anos-contra-responsable-de-homicidio-cometido-en-la-sierra-de-flores-magon","title":{"rendered":"BOLET\u00cdN 705.- Obtiene Fiscal\u00eda de Oaxaca sentencia de 40 a\u00f1os contra responsable de Homicidio cometido en la Sierra de Flores Mag\u00f3n"},"content":{"rendered":"<p>Oaxaca de Ju\u00e1rez, Oax., a 29 de abril de 2024.- Derivado del trabajo ministerial que realiza la Fiscal\u00eda General del Estado de Oaxaca (FGEO) se obtuvo una sentencia condenatoria de 40 a\u00f1os de prisi\u00f3n, en contra de una persona del sexo masculino identificada como B.G.J., responsable por la comisi\u00f3n del delito de Homicidio Calificado con Ventaja, hecho ocurrido en la regi\u00f3n de la Sierra de Flores Mag\u00f3n.<\/p>\n<p>De acuerdo con el expediente penal del caso, el 23 de septiembre de 2017, la v\u00edctima -identificada como R.G.- se encontraban en un domicilio ubicado en la comunidad de Finca Agua de la Rosa perteneciente al municipio de Huautla de Jim\u00e9nez, lugar a donde lleg\u00f3 B.G.J en compa\u00f1\u00eda de otras personas para golpearlo y posteriormente atacarlo con un arma punzocortante, infligiendo lesiones que le provocaron la muerte de manera instant\u00e1nea.<\/p>\n<p>Ante estos hechos, la FGEO tom\u00f3 conocimiento del caso y, a trav\u00e9s de la Vicefiscal\u00eda de Control Regional, se iniciaron los trabajos ministeriales correspondientes, los cuales permitieron obtener una orden de aprehensi\u00f3n que hizo posible la detenci\u00f3n de B.G.J., para presentarlo ante las autoridades correspondientes.<\/p>\n<p>Luego de evaluar y analizar los datos de prueba que present\u00f3 la FGEO, el Juez que atiende la causa dict\u00f3 sentencia condenatoria de 40 a\u00f1os y tres meses de prisi\u00f3n en contra de B.G.J., por su responsabilidad en la comisi\u00f3n del delito de Homicidio Calificado con Ventaja, imponiendo un pago de 403 mil pesos por concepto de reparaci\u00f3n del da\u00f1o.<\/p>\n<p>Para la Fiscal\u00eda de Oaxaca, el empleo de protocolos y la aplicaci\u00f3n de t\u00e9cnicas cient\u00edficas en las investigaciones de cr\u00edmenes, es de suma importancia para que las v\u00edctimas tengan el acceso pleno a la justicia y la reparaci\u00f3n del da\u00f1o.<\/p>\n<p>&nbsp;<\/p>\n","protected":false},"author":2,"featured_media":6093,"comment_status":"closed","ping_status":"closed","template":"","tags":[],"categoria_noticias":[],"class_list":["post-16078","noticias","type-noticias","status-publish","has-post-thumbnail","hentry"],"acf":[],"mb":[],"mfb_rest_fields":["title","gutenberg_elementor_mode"],"_links":{"self":[{"href":"https:\/\/portal.fgeo.gob.mx\/index.php\/wp-json\/wp\/v2\/noticias\/16078","targetHints":{"allow":["GET"]}}],"collection":[{"href":"https:\/\/portal.fgeo.gob.mx\/index.php\/wp-json\/wp\/v2\/noticias"}],"about":[{"href":"https:\/\/portal.fgeo.gob.mx\/index.php\/wp-json\/wp\/v2\/types\/noticias"}],"author":[{"embeddable":true,"href":"https:\/\/portal.fgeo.gob.mx\/index.php\/wp-json\/wp\/v2\/users\/2"}],"replies":[{"embeddable":true,"href":"https:\/\/portal.fgeo.gob.mx\/index.php\/wp-json\/wp\/v2\/comments?post=16078"}],"wp:featuredmedia":[{"embeddable":true,"href":"https:\/\/portal.fgeo.gob.mx\/index.php\/wp-json\/"}],"wp:attachment":[{"href":"https:\/\/portal.fgeo.gob.mx\/index.php\/wp-json\/wp\/v2\/media?parent=16078"}],"wp:term":[{"taxonomy":"post_tag","embeddable":true,"href":"https:\/\/portal.fgeo.gob.mx\/index.php\/wp-json\/wp\/v2\/tags?post=16078"},{"taxonomy":"categoria_noticias","embeddable":true,"href":"https:\/\/portal.fgeo.gob.mx\/index.php\/wp-json\/wp\/v2\/categoria_noticias?post=16078"}],"curies":[{"name":"wp","href":"https:\/\/api.w.org\/{rel}","templated":true}]}}