{"id":16077,"date":"2024-04-28T13:08:29","date_gmt":"2024-04-28T19:08:29","guid":{"rendered":"https:\/\/fge.oaxaca.gob.mx\/?post_type=noticias&amp;p=6121"},"modified":"2024-04-28T13:08:29","modified_gmt":"2024-04-28T19:08:29","slug":"boletin-704-celebra-fgeo-a-ninas-y-ninos-con-carrera-atletica-de-convivencia","status":"publish","type":"noticias","link":"https:\/\/portal.fgeo.gob.mx\/index.php\/archivos\/noticias\/boletin-704-celebra-fgeo-a-ninas-y-ninos-con-carrera-atletica-de-convivencia","title":{"rendered":"BOLET\u00cdN 704 -Celebra FGEO a ni\u00f1as y ni\u00f1os con carrera atl\u00e9tica de convivencia"},"content":{"rendered":"<p><strong>Oaxaca de Ju\u00e1rez, Oax. 28 de abril de 2024<\/strong>.- Al dar el banderazo de inicio de la \u201cCarrera Infantil de Convivencia\u201d organizada en el marco del D\u00eda de la Ni\u00f1a y el Ni\u00f1o, el Fiscal General del Estado de Oaxaca, Bernardo Rodr\u00edguez Alamilla, dijo que este tipo de actividades forman parte de las estrategias de proximidad social que contribuyen a recuperar la confianza de la ciudadan\u00eda.<\/p>\n<p><img fetchpriority=\"high\" decoding=\"async\" class=\"alignnone size-medium wp-image-6122\" src=\"https:\/\/portal.fgeo.gob.mx\/wp-content\/uploads\/2024\/04\/BOLET%C3%8DN-704-Celebra-FGEO-a-ni%C3%B1as-y-ni%C3%B1os-con-carrera-atl%C3%A9tica-de-convivencia-5-300x200.jpeg\" alt=\"\" width=\"300\" height=\"200\" \/><img decoding=\"async\" class=\"alignnone size-medium wp-image-6131\" src=\"https:\/\/portal.fgeo.gob.mx\/wp-content\/uploads\/2024\/04\/BOLET%C3%8DN-704-Celebra-FGEO-a-ni%C3%B1as-y-ni%C3%B1os-con-carrera-atl%C3%A9tica-de-convivencia-11-300x200.jpeg\" alt=\"\" width=\"300\" height=\"200\" \/><\/p>\n<p>Acompa\u00f1ado por el coordinador de la Agencia Estatal de Investigaciones, Jaciel V\u00e1squez Castro, el Fiscal\u00eda General, Bernardo Rodr\u00edguez Alamilla detall\u00f3 que con la convivencia fortalecen los lazos con la ciudadan\u00eda, especialmente con ni\u00f1as, ni\u00f1os y adolescentes, por ello, el organismo procurador de justicia busca fomentar actividades en espacios p\u00fablicos como una forma de prevenir conductas antisociales a trav\u00e9s del deporte, ya que es un medio ideal para fomentar valores como el apoyo mutuo, la solidaridad y fortalecer el tejido social.<\/p>\n<p>A\u00f1adi\u00f3 que esta carrera no es la \u00fanica actividad que se realizar\u00e1 para festejar a ni\u00f1as y ni\u00f1os en su d\u00eda, adem\u00e1s ofrecer\u00e1n funciones de teatro que permita dar informaci\u00f3n preventiva en forma l\u00fadica, pues, por medio de la cultura y el deporte se puede hacer en forma m\u00e1s eficaz el trabajo de proximidad social, el cual en su fase preventiva coadyuva a inhibir en forma m\u00e1s eficaz las conductas delictivas.<\/p>\n<p><img decoding=\"async\" class=\"alignnone size-medium wp-image-6123\" src=\"https:\/\/portal.fgeo.gob.mx\/wp-content\/uploads\/2024\/04\/BOLET%C3%8DN-704-Celebra-FGEO-a-ni%C3%B1as-y-ni%C3%B1os-con-carrera-atl%C3%A9tica-de-convivencia-2-300x200.jpeg\" alt=\"\" width=\"300\" height=\"200\" \/><img loading=\"lazy\" decoding=\"async\" class=\"alignnone size-medium wp-image-6125\" src=\"https:\/\/portal.fgeo.gob.mx\/wp-content\/uploads\/2024\/04\/BOLET%C3%8DN-704-Celebra-FGEO-a-ni%C3%B1as-y-ni%C3%B1os-con-carrera-atl%C3%A9tica-de-convivencia-4-300x200.jpeg\" alt=\"\" width=\"300\" height=\"200\" \/><\/p>\n<p>Asimismo, Rodr\u00edguez Alamilla puntualiz\u00f3 que la intervenci\u00f3n del personal de la Agencia Estatal de Investigaciones y la FGEO en la actividad ayuda a consolidar el trabajo en equipo de las diferentes \u00e1reas, lo que favorece el trabajo sin\u00e9rgico, esencial para mejorar los resultados de las actividades de la instituci\u00f3n.<\/p>\n<p>En esta convivencia por los festejos del D\u00eda de la Ni\u00f1a y el Ni\u00f1o participaron aproximadamente 150 personas entre ni\u00f1as, ni\u00f1os y personal de la Fiscal\u00eda General del Estado de Oaxaca, junto con la Agencia Estatal de Investigaciones, quienes convivieron en las instalaciones de la pista del bosque \u201cEl Tequio\u201d.<\/p>\n<p><img loading=\"lazy\" decoding=\"async\" class=\"alignnone size-medium wp-image-6126\" src=\"https:\/\/portal.fgeo.gob.mx\/wp-content\/uploads\/2024\/04\/BOLET%C3%8DN-704-Celebra-FGEO-a-ni%C3%B1as-y-ni%C3%B1os-con-carrera-atl%C3%A9tica-de-convivencia-3-300x169.jpeg\" alt=\"\" width=\"300\" height=\"169\" \/> <img loading=\"lazy\" decoding=\"async\" class=\"alignnone size-medium wp-image-6127\" src=\"https:\/\/portal.fgeo.gob.mx\/wp-content\/uploads\/2024\/04\/BOLET%C3%8DN-704-Celebra-FGEO-a-ni%C3%B1as-y-ni%C3%B1os-con-carrera-atl%C3%A9tica-de-convivencia-9-300x169.jpeg\" alt=\"\" width=\"300\" height=\"169\" \/><\/p>\n<p>La Fiscal\u00eda de Oaxaca impulsa actividades deportivas como una estrategia para la prevenci\u00f3n del delito, pues, por medio del deporte se incentiva la sana convivencia, se promueve la cultura de paz y no violencia, lo que favorece la inhibici\u00f3n del delito.<\/p>\n<p><img loading=\"lazy\" decoding=\"async\" class=\"alignnone size-medium wp-image-6128\" src=\"https:\/\/portal.fgeo.gob.mx\/wp-content\/uploads\/2024\/04\/BOLET%C3%8DN-704-Celebra-FGEO-a-ni%C3%B1as-y-ni%C3%B1os-con-carrera-atl%C3%A9tica-de-convivencia-8-300x200.jpeg\" alt=\"\" width=\"300\" height=\"200\" \/> <img loading=\"lazy\" decoding=\"async\" class=\"alignnone size-medium wp-image-6129\" src=\"https:\/\/portal.fgeo.gob.mx\/wp-content\/uploads\/2024\/04\/BOLET%C3%8DN-704-Celebra-FGEO-a-ni%C3%B1as-y-ni%C3%B1os-con-carrera-atl%C3%A9tica-de-convivencia-7-300x200.jpeg\" alt=\"\" width=\"300\" height=\"200\" \/> <img loading=\"lazy\" decoding=\"async\" class=\"alignnone size-medium wp-image-6130\" src=\"https:\/\/portal.fgeo.gob.mx\/wp-content\/uploads\/2024\/04\/BOLET%C3%8DN-704-Celebra-FGEO-a-ni%C3%B1as-y-ni%C3%B1os-con-carrera-atl%C3%A9tica-de-convivencia-10-300x200.jpeg\" alt=\"\" width=\"300\" height=\"200\" \/><\/p>\n","protected":false},"author":2,"featured_media":6093,"comment_status":"closed","ping_status":"closed","template":"","tags":[],"categoria_noticias":[],"class_list":["post-16077","noticias","type-noticias","status-publish","has-post-thumbnail","hentry"],"acf":[],"mb":[],"mfb_rest_fields":["title","gutenberg_elementor_mode"],"_links":{"self":[{"href":"https:\/\/portal.fgeo.gob.mx\/index.php\/wp-json\/wp\/v2\/noticias\/16077","targetHints":{"allow":["GET"]}}],"collection":[{"href":"https:\/\/portal.fgeo.gob.mx\/index.php\/wp-json\/wp\/v2\/noticias"}],"about":[{"href":"https:\/\/portal.fgeo.gob.mx\/index.php\/wp-json\/wp\/v2\/types\/noticias"}],"author":[{"embeddable":true,"href":"https:\/\/portal.fgeo.gob.mx\/index.php\/wp-json\/wp\/v2\/users\/2"}],"replies":[{"embeddable":true,"href":"https:\/\/portal.fgeo.gob.mx\/index.php\/wp-json\/wp\/v2\/comments?post=16077"}],"wp:featuredmedia":[{"embeddable":true,"href":"https:\/\/portal.fgeo.gob.mx\/index.php\/wp-json\/"}],"wp:attachment":[{"href":"https:\/\/portal.fgeo.gob.mx\/index.php\/wp-json\/wp\/v2\/media?parent=16077"}],"wp:term":[{"taxonomy":"post_tag","embeddable":true,"href":"https:\/\/portal.fgeo.gob.mx\/index.php\/wp-json\/wp\/v2\/tags?post=16077"},{"taxonomy":"categoria_noticias","embeddable":true,"href":"https:\/\/portal.fgeo.gob.mx\/index.php\/wp-json\/wp\/v2\/categoria_noticias?post=16077"}],"curies":[{"name":"wp","href":"https:\/\/api.w.org\/{rel}","templated":true}]}}