{"id":16076,"date":"2024-04-26T18:34:31","date_gmt":"2024-04-27T00:34:31","guid":{"rendered":"https:\/\/fge.oaxaca.gob.mx\/?post_type=noticias&amp;p=6111"},"modified":"2024-04-26T18:34:31","modified_gmt":"2024-04-27T00:34:31","slug":"boletin-703-fgeo-acerca-servicios-integrales-a-la-ciudadania-a-traves-del-programa-fiscalia-en-tu-comunidad-que-realiza-jornadas-en-san-juan-teitipac","status":"publish","type":"noticias","link":"https:\/\/portal.fgeo.gob.mx\/index.php\/archivos\/noticias\/boletin-703-fgeo-acerca-servicios-integrales-a-la-ciudadania-a-traves-del-programa-fiscalia-en-tu-comunidad-que-realiza-jornadas-en-san-juan-teitipac","title":{"rendered":"BOLET\u00cdN 703.- FGEO acerca servicios integrales a la ciudadan\u00eda a trav\u00e9s del programa \u201cFiscal\u00eda en tu Comunidad\u201d que realiza jornadas en San Juan Teitipac"},"content":{"rendered":"<p>* \u00c1reas especializadas de la Fiscal\u00eda de Oaxaca brindan capacitaci\u00f3n en materia de prevenci\u00f3n del delito y procuraci\u00f3n de justicia, adem\u00e1s de acercar servicios integrales a la ciudadan\u00eda<\/p>\n<p>Oaxaca de Ju\u00e1rez, Oax., a 26 de abril de 2024.- Como parte de las actividades que se realizan dentro del programa de proximidad social denominado &#8220;Fiscal\u00eda en tu Comunidad&#8221;, personal de diferentes \u00e1reas, encabezados por el Fiscal General, Bernardo Rodr\u00edguez Alamilla, acudieron al municipio de San Juan Teitipac para realizar labores de prevenci\u00f3n del delito y capacitaci\u00f3n para polic\u00edas municipales de diferentes comunidades del distrito de Tlacolula de Matamoros.<\/p>\n<p>En compa\u00f1\u00eda del presidente municipal de San Juan Teitipac, Juan Carlos Lorenzo Garita; as\u00ed como del representante de la Mesa T\u00e9cnica de Seguridad de la Secretar\u00eda de Seguridad y Protecci\u00f3n Ciudadana, Hegor Manuel Mart\u00ednez L\u00f3pez, y dem\u00e1s autoridades del cabildo, el Fiscal General dio inicio a estas actividades enmarcadas en la estrategia de fortalecimiento a la seguridad p\u00fablica y procuraci\u00f3n de justicia.<\/p>\n<p>En su intervenci\u00f3n, Rodr\u00edguez Alamilla explic\u00f3 que \u201cFiscal\u00eda en tu Comunidad\u201d consiste en acercar a la poblaci\u00f3n los servicios del organismo procurador de justicia para tener un contacto directo con las comunidades y as\u00ed generar los v\u00ednculos de confianza con la ciudadan\u00eda, a fin de brindar una mejor atenci\u00f3n y seguimiento a las denuncias.<\/p>\n<p>Durante la inauguraci\u00f3n del evento, el Fiscal de Oaxaca, Bernardo Rodr\u00edguez Alamilla, reconoci\u00f3 la disposici\u00f3n de las autoridades municipales, auxiliares y educativas para participar en estas jornadas de trabajo, pues solo a trav\u00e9s de la colaboraci\u00f3n interinstitucional y de manera conjunta, se lograr\u00e1 atender las causas que generan los fen\u00f3menos delictivos que ocurren en la entidad.<\/p>\n<p>\u201cParte del trabajo que la Fiscal\u00eda de Oaxaca est\u00e1 realizando con las autoridades municipales, es la labor de acercamiento a este organismo aut\u00f3nomo. Hemos visto que una instituci\u00f3n por s\u00ed sola no va a lograr contener el tema de seguridad y justamente por eso es importante hacer equipo y tener el acompa\u00f1amiento de las autoridades estatales y federales\u201d, puntualiz\u00f3 Rodr\u00edguez Alamilla.<\/p>\n<p>Al visitar a las y los alumnos del plantel 119 del Instituto de Estudios de Bachillerato del Estado de Oaxaca (IEBO) de San Juan Teitipac, el titular de la FGEO agreg\u00f3 que, por medio de este programa, se impulsan actividades integrales y de formaci\u00f3n en materia de atenci\u00f3n a temas como violencia familiar, violencia en el noviazgo, entre otros, a fin de reconstruir el tejido social para la convivencia pac\u00edfica y segura.<\/p>\n<p>\u201cDesde la Fiscal\u00eda estamos buscando eso, generar una relaci\u00f3n de confianza con ustedes, pero no nada m\u00e1s insisto en la parte dura, es decir, cuando se comete el delito, sino justamente buscando focalizar los esfuerzos en aquellos lugares, espacios o sectores en donde se generan los fen\u00f3menos delictivos, porque si no se atiende de manera adecuada, es muy probable que a la larga se conviertan en delitos m\u00e1s complicados\u201d, advirti\u00f3 el Fiscal de Oaxaca.<\/p>\n<p>Durante la jornada de actividades, tambi\u00e9n participaron polic\u00edas municipales de San Juan Teitipac, as\u00ed como autoridades de San Sebasti\u00e1n Teitipac, agentes municipales y poblaci\u00f3n abierta, a quienes se les impartieron capacitaciones en temas como Informe Policial Homologado y Primer Respondiente; Procesos de atenci\u00f3n del Centro de Justicia para Mujeres, entre otros temas relacionados con la seguridad p\u00fablica y la procuraci\u00f3n de justicia.<\/p>\n<p><img fetchpriority=\"high\" decoding=\"async\" class=\"alignnone size-medium wp-image-6112\" src=\"https:\/\/portal.fgeo.gob.mx\/wp-content\/uploads\/2024\/04\/FOTO-1-300x200.jpeg\" alt=\"\" width=\"300\" height=\"200\" \/> <img decoding=\"async\" class=\"alignnone size-medium wp-image-6113\" src=\"https:\/\/portal.fgeo.gob.mx\/wp-content\/uploads\/2024\/04\/FOTO2-1-300x200.jpeg\" alt=\"\" width=\"300\" height=\"200\" \/> <img decoding=\"async\" class=\"alignnone size-medium wp-image-6114\" src=\"https:\/\/portal.fgeo.gob.mx\/wp-content\/uploads\/2024\/04\/FOTO3-300x200.jpeg\" alt=\"\" width=\"300\" height=\"200\" \/> <img loading=\"lazy\" decoding=\"async\" class=\"alignnone size-medium wp-image-6115\" src=\"https:\/\/portal.fgeo.gob.mx\/wp-content\/uploads\/2024\/04\/8-300x200.jpeg\" alt=\"\" width=\"300\" height=\"200\" \/> <img loading=\"lazy\" decoding=\"async\" class=\"alignnone size-medium wp-image-6116\" src=\"https:\/\/portal.fgeo.gob.mx\/wp-content\/uploads\/2024\/04\/4-300x166.jpeg\" alt=\"\" width=\"300\" height=\"166\" \/> <img loading=\"lazy\" decoding=\"async\" class=\"alignnone size-medium wp-image-6117\" src=\"https:\/\/portal.fgeo.gob.mx\/wp-content\/uploads\/2024\/04\/5-300x200.jpeg\" alt=\"\" width=\"300\" height=\"200\" \/> <img loading=\"lazy\" decoding=\"async\" class=\"alignnone size-medium wp-image-6118\" src=\"https:\/\/portal.fgeo.gob.mx\/wp-content\/uploads\/2024\/04\/6-300x200.jpeg\" alt=\"\" width=\"300\" height=\"200\" \/> <img loading=\"lazy\" decoding=\"async\" class=\"alignnone size-medium wp-image-6119\" src=\"https:\/\/portal.fgeo.gob.mx\/wp-content\/uploads\/2024\/04\/7-300x200.jpeg\" alt=\"\" width=\"300\" height=\"200\" \/> <img loading=\"lazy\" decoding=\"async\" class=\"alignnone size-medium wp-image-6120\" src=\"https:\/\/portal.fgeo.gob.mx\/wp-content\/uploads\/2024\/04\/7-2-300x200.jpeg\" alt=\"\" width=\"300\" height=\"200\" \/><\/p>\n","protected":false},"author":2,"featured_media":6093,"comment_status":"closed","ping_status":"closed","template":"","tags":[],"categoria_noticias":[],"class_list":["post-16076","noticias","type-noticias","status-publish","has-post-thumbnail","hentry"],"acf":[],"mb":[],"mfb_rest_fields":["title","gutenberg_elementor_mode"],"_links":{"self":[{"href":"https:\/\/portal.fgeo.gob.mx\/index.php\/wp-json\/wp\/v2\/noticias\/16076","targetHints":{"allow":["GET"]}}],"collection":[{"href":"https:\/\/portal.fgeo.gob.mx\/index.php\/wp-json\/wp\/v2\/noticias"}],"about":[{"href":"https:\/\/portal.fgeo.gob.mx\/index.php\/wp-json\/wp\/v2\/types\/noticias"}],"author":[{"embeddable":true,"href":"https:\/\/portal.fgeo.gob.mx\/index.php\/wp-json\/wp\/v2\/users\/2"}],"replies":[{"embeddable":true,"href":"https:\/\/portal.fgeo.gob.mx\/index.php\/wp-json\/wp\/v2\/comments?post=16076"}],"wp:featuredmedia":[{"embeddable":true,"href":"https:\/\/portal.fgeo.gob.mx\/index.php\/wp-json\/"}],"wp:attachment":[{"href":"https:\/\/portal.fgeo.gob.mx\/index.php\/wp-json\/wp\/v2\/media?parent=16076"}],"wp:term":[{"taxonomy":"post_tag","embeddable":true,"href":"https:\/\/portal.fgeo.gob.mx\/index.php\/wp-json\/wp\/v2\/tags?post=16076"},{"taxonomy":"categoria_noticias","embeddable":true,"href":"https:\/\/portal.fgeo.gob.mx\/index.php\/wp-json\/wp\/v2\/categoria_noticias?post=16076"}],"curies":[{"name":"wp","href":"https:\/\/api.w.org\/{rel}","templated":true}]}}