{"id":16075,"date":"2024-04-26T12:34:42","date_gmt":"2024-04-26T18:34:42","guid":{"rendered":"https:\/\/fge.oaxaca.gob.mx\/?post_type=noticias&amp;p=6099"},"modified":"2024-04-26T12:34:42","modified_gmt":"2024-04-26T18:34:42","slug":"boletin-702-por-secuestro-fiscalia-de-oaxaca-ejecuta-orden-de-aprehension-contra-dos-personas-en-la-costa","status":"publish","type":"noticias","link":"https:\/\/portal.fgeo.gob.mx\/index.php\/archivos\/noticias\/boletin-702-por-secuestro-fiscalia-de-oaxaca-ejecuta-orden-de-aprehension-contra-dos-personas-en-la-costa","title":{"rendered":"BOLET\u00cdN 702.- Por secuestro, Fiscal\u00eda de Oaxaca ejecuta orden de aprehensi\u00f3n contra dos personas en la Costa"},"content":{"rendered":"<p>Oaxaca de Ju\u00e1rez, Oax., a 26 de abril de 2024.- Como parte de las labores de investigaci\u00f3n ministerial para el combate de los delitos de alto impacto, la Fiscal\u00eda General del Estado de Oaxaca (FGEO) ejecut\u00f3 una orden de aprehensi\u00f3n contra dos personas del sexo masculino identificadas como E.L.M. y D.C.C., por el delito de Secuestro Agravado, cometido en la regi\u00f3n de la Costa.<\/p>\n<p>De acuerdo con la denuncia presentada, la v\u00edctima fue interceptada por un grupo de personas el 18 de enero de 2023, en inmediaciones del paraje Cerro de la Vieja de Bajos de Chila en San Pedro Mixtepec, para despu\u00e9s trasladarlo a otro paraje de ese mismo municipio, lugar donde permaneci\u00f3 en cautiverio.<\/p>\n<p>El expediente de la denuncia precisa que contactaron a los familiares de la v\u00edctima para pedir una fuerte suma de dinero a cambio de su liberaci\u00f3n.<\/p>\n<p>Derivado de las investigaciones a cargo de la Unidad Especializada de Combate al Secuestro (UECS) y la Vicefiscal\u00eda Regional de la Costa, se obtuvo una orden de aprehensi\u00f3n contra E.L.M., y D.C.C., quienes fueron detenidos para despu\u00e9s quedar a disposici\u00f3n de la autoridad ministerial correspondiente.<\/p>\n<p>En delitos de alto impacto, la denuncia es clave para la actuaci\u00f3n inmediata de la Fiscal\u00eda de Oaxaca que emplea t\u00e9cnica de investigaci\u00f3n e inteligencia para castigar la comisi\u00f3n de este tipo de il\u00edcitos con el objetivo de que las v\u00edctimas tengan pleno acceso a la justicia.<\/p>\n<p><img fetchpriority=\"high\" decoding=\"async\" class=\"alignnone size-medium wp-image-6100\" src=\"https:\/\/portal.fgeo.gob.mx\/wp-content\/uploads\/2024\/04\/FOTO-2.-Por-secuestro-Fiscal%C3%ADa-de-Oaxaca-ejecuta-orden-de-aprehensi%C3%B3n-contra-dos-personas-en-la-Costa-300x225.jpg\" alt=\"\" width=\"300\" height=\"225\" \/> <img decoding=\"async\" class=\"alignnone size-medium wp-image-6101\" src=\"https:\/\/portal.fgeo.gob.mx\/wp-content\/uploads\/2024\/04\/FOTO-1.-Por-secuestro-Fiscal%C3%ADa-de-Oaxaca-ejecuta-orden-de-aprehensi%C3%B3n-contra-dos-personas-en-la-Costa-225x300.jpg\" alt=\"\" width=\"225\" height=\"300\" \/><\/p>\n<p>&nbsp;<\/p>\n","protected":false},"author":2,"featured_media":6093,"comment_status":"closed","ping_status":"closed","template":"","tags":[],"categoria_noticias":[],"class_list":["post-16075","noticias","type-noticias","status-publish","has-post-thumbnail","hentry"],"acf":[],"mb":[],"mfb_rest_fields":["title","gutenberg_elementor_mode"],"_links":{"self":[{"href":"https:\/\/portal.fgeo.gob.mx\/index.php\/wp-json\/wp\/v2\/noticias\/16075","targetHints":{"allow":["GET"]}}],"collection":[{"href":"https:\/\/portal.fgeo.gob.mx\/index.php\/wp-json\/wp\/v2\/noticias"}],"about":[{"href":"https:\/\/portal.fgeo.gob.mx\/index.php\/wp-json\/wp\/v2\/types\/noticias"}],"author":[{"embeddable":true,"href":"https:\/\/portal.fgeo.gob.mx\/index.php\/wp-json\/wp\/v2\/users\/2"}],"replies":[{"embeddable":true,"href":"https:\/\/portal.fgeo.gob.mx\/index.php\/wp-json\/wp\/v2\/comments?post=16075"}],"wp:featuredmedia":[{"embeddable":true,"href":"https:\/\/portal.fgeo.gob.mx\/index.php\/wp-json\/"}],"wp:attachment":[{"href":"https:\/\/portal.fgeo.gob.mx\/index.php\/wp-json\/wp\/v2\/media?parent=16075"}],"wp:term":[{"taxonomy":"post_tag","embeddable":true,"href":"https:\/\/portal.fgeo.gob.mx\/index.php\/wp-json\/wp\/v2\/tags?post=16075"},{"taxonomy":"categoria_noticias","embeddable":true,"href":"https:\/\/portal.fgeo.gob.mx\/index.php\/wp-json\/wp\/v2\/categoria_noticias?post=16075"}],"curies":[{"name":"wp","href":"https:\/\/api.w.org\/{rel}","templated":true}]}}