{"id":16074,"date":"2024-04-25T15:22:41","date_gmt":"2024-04-25T21:22:41","guid":{"rendered":"https:\/\/fge.oaxaca.gob.mx\/?post_type=noticias&amp;p=6094"},"modified":"2024-04-25T15:22:41","modified_gmt":"2024-04-25T21:22:41","slug":"boletin-700-fiscalia-de-oaxaca-ejecuta-orden-de-aprehension-por-homicidio-cometido-en-el-istmo","status":"publish","type":"noticias","link":"https:\/\/portal.fgeo.gob.mx\/index.php\/archivos\/noticias\/boletin-700-fiscalia-de-oaxaca-ejecuta-orden-de-aprehension-por-homicidio-cometido-en-el-istmo","title":{"rendered":"BOLET\u00cdN 700.- Fiscal\u00eda de Oaxaca ejecuta orden de aprehensi\u00f3n por homicidio cometido en el Istmo"},"content":{"rendered":"<p>Oaxaca de Ju\u00e1rez, Oax., a 25 de abril de 2024.- Como parte de sus acciones permanentes en el combate a la delincuencia, la Fiscal\u00eda General del Estado de Oaxaca (FGEO) ejecut\u00f3 una orden de aprehensi\u00f3n en contra de la persona del sexo masculino identificada como A.M.L., alias \u201cEl Werin\u201d, quien estar\u00eda probablemente relacionado con un grupo criminal que realizaba actividades delictivas de alto impacto en la regi\u00f3n del Istmo de Tehuantepec.<\/p>\n<p>El mandato judicial fue ejecutado por un equipo multidisciplinario encabezado por elementos de la Agencia Estatal de Investigaciones (AEI), quienes se dieron a la tarea de dar con el paradero de A.M.L., alias \u201cEl Werin\u201d.<\/p>\n<p>De acuerdo con la causa penal, la orden de aprehensi\u00f3n en contra de A.M.L., alias \u201cEl Werin\u201d, se ejecut\u00f3 por el delito de Homicidio Calificado con Ventaja, adem\u00e1s que se investiga si existe relaci\u00f3n con un grupo criminal identificado como uno de los principales generadores de violencia en la zona.<\/p>\n<p>Ante estos hechos, la Fiscal\u00eda de Oaxaca inici\u00f3 las investigaciones correspondientes a trav\u00e9s de la Vicefiscal\u00eda Regional del Istmo, que realiz\u00f3 las primeras indagatorias correspondientes que dieron como resultado la detenci\u00f3n de A.M.L., alias \u201cEl Werin\u201d, quien fue puesto a disposici\u00f3n de la autoridad ministerial correspondiente para determinar su situaci\u00f3n jur\u00eddica.<\/p>\n<p>La Fiscal\u00eda General del Estado de Oaxaca mantiene de manera permanente acciones de inteligencia que permiten detectar objetivos generadores de violencia, as\u00ed como realizar acciones que contribuyan a la paz en todas las regiones de la entidad.<\/p>\n<p><img fetchpriority=\"high\" decoding=\"async\" class=\"alignnone size-medium wp-image-6095\" src=\"https:\/\/portal.fgeo.gob.mx\/wp-content\/uploads\/2024\/04\/Fiscal%C3%ADa-de-Oaxaca-ejecuta-orden-de-aprehensi%C3%B3n-por-homicidio-cometido-en-el-Istmo-225x300.jpg\" alt=\"\" width=\"225\" height=\"300\" \/><\/p>\n","protected":false},"author":2,"featured_media":6093,"comment_status":"closed","ping_status":"closed","template":"","tags":[],"categoria_noticias":[],"class_list":["post-16074","noticias","type-noticias","status-publish","has-post-thumbnail","hentry"],"acf":[],"mb":[],"mfb_rest_fields":["title","gutenberg_elementor_mode"],"_links":{"self":[{"href":"https:\/\/portal.fgeo.gob.mx\/index.php\/wp-json\/wp\/v2\/noticias\/16074","targetHints":{"allow":["GET"]}}],"collection":[{"href":"https:\/\/portal.fgeo.gob.mx\/index.php\/wp-json\/wp\/v2\/noticias"}],"about":[{"href":"https:\/\/portal.fgeo.gob.mx\/index.php\/wp-json\/wp\/v2\/types\/noticias"}],"author":[{"embeddable":true,"href":"https:\/\/portal.fgeo.gob.mx\/index.php\/wp-json\/wp\/v2\/users\/2"}],"replies":[{"embeddable":true,"href":"https:\/\/portal.fgeo.gob.mx\/index.php\/wp-json\/wp\/v2\/comments?post=16074"}],"wp:featuredmedia":[{"embeddable":true,"href":"https:\/\/portal.fgeo.gob.mx\/index.php\/wp-json\/"}],"wp:attachment":[{"href":"https:\/\/portal.fgeo.gob.mx\/index.php\/wp-json\/wp\/v2\/media?parent=16074"}],"wp:term":[{"taxonomy":"post_tag","embeddable":true,"href":"https:\/\/portal.fgeo.gob.mx\/index.php\/wp-json\/wp\/v2\/tags?post=16074"},{"taxonomy":"categoria_noticias","embeddable":true,"href":"https:\/\/portal.fgeo.gob.mx\/index.php\/wp-json\/wp\/v2\/categoria_noticias?post=16074"}],"curies":[{"name":"wp","href":"https:\/\/api.w.org\/{rel}","templated":true}]}}