{"id":16072,"date":"2024-04-24T12:15:43","date_gmt":"2024-04-24T18:15:43","guid":{"rendered":"https:\/\/fge.oaxaca.gob.mx\/?post_type=noticias&amp;p=6082"},"modified":"2024-04-24T12:15:43","modified_gmt":"2024-04-24T18:15:43","slug":"boletin-696-fiscalia-de-oaxaca-logra-vinculacion-a-proceso-de-tres-imputados-por-el-delito-de-robo-con-violencia-ocurrido-en-la-region-de-la-mixteca","status":"publish","type":"noticias","link":"https:\/\/portal.fgeo.gob.mx\/index.php\/archivos\/noticias\/boletin-696-fiscalia-de-oaxaca-logra-vinculacion-a-proceso-de-tres-imputados-por-el-delito-de-robo-con-violencia-ocurrido-en-la-region-de-la-mixteca","title":{"rendered":"BOLET\u00cdN 696.- Fiscal\u00eda de Oaxaca logra vinculaci\u00f3n a proceso de tres imputados por el delito de robo con violencia, ocurrido en la regi\u00f3n de la Mixteca"},"content":{"rendered":"<p>Oaxaca de Ju\u00e1rez, Oax., a 24 de abril de 2024.- La Fiscal\u00eda General del Estado de Oaxaca (FGEO) obtuvo auto de vinculaci\u00f3n a proceso y prisi\u00f3n preventiva en contra tres personas del sexo masculino identificadas como J.E.R.C., J.R.A., y D.P.R., por el delito de robo con violencia, ocurrido en la regi\u00f3n de la Mixteca.<\/p>\n<p>De acuerdo con lo asentado en el expediente penal del caso, los hechos ocurrieron el 12 de abril de 2024, en una propiedad privada ubicada en Camino Antiguo a Amatl\u00e1n, del barrio Las Tres Cruces, en el municipio de Asunci\u00f3n Nochixtl\u00e1n, donde un grupo de personas ingresaron al terreno para sustraer diversos objetos, entre ellos, herramientas y andamios de herrer\u00eda.<\/p>\n<p>Tras recibir la denuncia de la v\u00edctima, quien es el propietario del lugar, la FGEO inici\u00f3 las investigaciones correspondientes a trav\u00e9s de la Vicefiscal\u00eda Regional de la Mixteca y derivado de ello, obtuvo una orden de aprehensi\u00f3n en contra de los tres imputados, mismos que fueron puestos a disposici\u00f3n de la autoridad correspondiente.<\/p>\n<p>Al presentar los datos de prueba aportados por el Ministerio P\u00fablico, el Juez de la causa determin\u00f3 vincular a proceso a J.E.R.C., J.R.A., y D.P.R., por el delito de robo con violencia, ocurrida en la regi\u00f3n de la Mixteca adem\u00e1s que dict\u00f3 la medida de prisi\u00f3n preventiva justificada y otorg\u00f3 dos meses para el cierre de la investigaci\u00f3n complementaria.<\/p>\n<p>La Fiscal\u00eda General de Oaxaca refrenda su compromiso de seguir trabajando para dar resultados inmediatos y no dejar en la impunidad hechos que vulneren o atenten contra la integridad de las v\u00edctimas.<\/p>\n<p>&nbsp;<\/p>\n","protected":false},"author":2,"featured_media":5938,"comment_status":"closed","ping_status":"closed","template":"","tags":[],"categoria_noticias":[],"class_list":["post-16072","noticias","type-noticias","status-publish","has-post-thumbnail","hentry"],"acf":[],"mb":[],"mfb_rest_fields":["title","gutenberg_elementor_mode"],"_links":{"self":[{"href":"https:\/\/portal.fgeo.gob.mx\/index.php\/wp-json\/wp\/v2\/noticias\/16072","targetHints":{"allow":["GET"]}}],"collection":[{"href":"https:\/\/portal.fgeo.gob.mx\/index.php\/wp-json\/wp\/v2\/noticias"}],"about":[{"href":"https:\/\/portal.fgeo.gob.mx\/index.php\/wp-json\/wp\/v2\/types\/noticias"}],"author":[{"embeddable":true,"href":"https:\/\/portal.fgeo.gob.mx\/index.php\/wp-json\/wp\/v2\/users\/2"}],"replies":[{"embeddable":true,"href":"https:\/\/portal.fgeo.gob.mx\/index.php\/wp-json\/wp\/v2\/comments?post=16072"}],"wp:featuredmedia":[{"embeddable":true,"href":"https:\/\/portal.fgeo.gob.mx\/index.php\/wp-json\/"}],"wp:attachment":[{"href":"https:\/\/portal.fgeo.gob.mx\/index.php\/wp-json\/wp\/v2\/media?parent=16072"}],"wp:term":[{"taxonomy":"post_tag","embeddable":true,"href":"https:\/\/portal.fgeo.gob.mx\/index.php\/wp-json\/wp\/v2\/tags?post=16072"},{"taxonomy":"categoria_noticias","embeddable":true,"href":"https:\/\/portal.fgeo.gob.mx\/index.php\/wp-json\/wp\/v2\/categoria_noticias?post=16072"}],"curies":[{"name":"wp","href":"https:\/\/api.w.org\/{rel}","templated":true}]}}