{"id":16069,"date":"2024-04-22T11:30:16","date_gmt":"2024-04-22T17:30:16","guid":{"rendered":"https:\/\/fge.oaxaca.gob.mx\/?post_type=noticias&amp;p=6062"},"modified":"2024-04-22T11:30:16","modified_gmt":"2024-04-22T17:30:16","slug":"boletin-693-fiscalia-de-oaxaca-participa-en-programa-difusion-masiva-de-cedulas-de-busqueda-para-localizar-a-personas-desaparecidas","status":"publish","type":"noticias","link":"https:\/\/portal.fgeo.gob.mx\/index.php\/archivos\/noticias\/boletin-693-fiscalia-de-oaxaca-participa-en-programa-difusion-masiva-de-cedulas-de-busqueda-para-localizar-a-personas-desaparecidas","title":{"rendered":"BOLET\u00cdN 693.- Fiscal\u00eda de Oaxaca participa en programa \u201cDifusi\u00f3n Masiva de C\u00e9dulas de B\u00fasqueda\u201d para localizar a personas desaparecidas"},"content":{"rendered":"<p>* Se realizan acciones coordinadas con Comisi\u00f3n Estatal de B\u00fasqueda de Personas de Oaxaca, la Coordinaci\u00f3n para la Atenci\u00f3n a los Derechos Humanos y los colectivos \u201cMovimiento Busco al M\u00edo\u201d, as\u00ed como \u201cBuscando a Todos AC\u201d<\/p>\n<p>* Distribuyen m\u00e1s de mil 500 fichas de b\u00fasqueda en tres regiones de la entidad<\/p>\n<p>Oaxaca de Ju\u00e1rez, Oax., a 22 de abril de 2024.- La Fiscal\u00eda General del Estado de Oaxaca, en coordinaci\u00f3n con la Comisi\u00f3n Estatal de B\u00fasqueda de Personas de Oaxaca, la Coordinaci\u00f3n para la Atenci\u00f3n a los Derechos Humanos y los colectivos \u201cMovimiento Busco al M\u00edo\u201d, as\u00ed como \u201cBuscando a Todos AC\u201d, realizaron acciones como parte del programa \u201cDifusi\u00f3n Masiva de C\u00e9dulas de B\u00fasqueda\u201d, con el objetivo de fortalecer los procesos de b\u00fasqueda de personas no localizadas y desaparecidas.<\/p>\n<p>El operativo coordinado se realiz\u00f3 los d\u00edas 19 y 20 de abril, el cual involucra a diversas instancias se realiz\u00f3 en las regiones de Valles Centrales, Costa y Mixteca, durante el cual se distribuyeron m\u00e1s de mil quinientas fichas de b\u00fasqueda, por parte de la Fiscal\u00eda General del Estado que est\u00e1 comprometida con este tipo de acciones tienen el objetivo de ampliar las posibilidades de obtener datos e informaci\u00f3n que permita dar con el paradero de personas no localizadas o desaparecidas, dentro del proceso integral para que las v\u00edctimas tengan pleno acceso a la justicia.<\/p>\n<p>La Fiscal\u00eda de Oaxaca reitera su compromiso de colaborar en forma estrecha con los diferentes colectivos de familiares de personas desaparecidas, as\u00ed como de sumar a los procesos de investigaci\u00f3n a otras instituciones que permitan potenciar las acciones, pues una prioridad del organismo es brindar resultados eficientes para lo cual se dise\u00f1an estrategias que permitan brindar un acompa\u00f1amiento integral a las v\u00edctimas, pues este fen\u00f3meno requiere de una atenci\u00f3n multidisciplinaria y continua.<\/p>\n<p><img fetchpriority=\"high\" decoding=\"async\" class=\"alignnone size-medium wp-image-6064\" src=\"https:\/\/portal.fgeo.gob.mx\/wp-content\/uploads\/2024\/04\/Fiscal%C3%ADa-de-Oaxaca-participa-en-programa-%E2%80%9CDifusi%C3%B3n-Masiva-de-C%C3%A9dulas-de-B%C3%BAsqueda%E2%80%9D-para-localizar-a-personas-desaparecidas-2-300x225.jpeg\" alt=\"\" width=\"300\" height=\"225\" \/><\/p>\n<p>El organismo procurador de justicia detall\u00f3 que, si bien coordinar y articular esfuerzos interinstitucionales es un avance, reconoci\u00f3 que todav\u00eda falta mucho camino por recorrer, por ello, contin\u00faa trabajando en mejorar los procesos de b\u00fasqueda y localizaci\u00f3n por medio del fortalecimiento de las \u00e1reas especializadas e incluyendo procedimientos y herramientas que permitan realizar investigaciones m\u00e1s integrales y humanas en los procesos de atenci\u00f3n a las v\u00edctimas.<\/p>\n<p>Finalmente, la Fiscal\u00eda General del Estado detall\u00f3 en el proceso de reingenier\u00eda institucional una prioridad es colocar en el centro de la toma de decisiones a las v\u00edctimas, por ello, fortalece las alianzas con otras instituciones y los colectivos de familiares de personas desaparecidas, pues, colaborar en forma conjunta ampl\u00eda las posibilidades de \u00e9xito en las b\u00fasquedas, adem\u00e1s brindar respuestas eficientes permitir\u00e1 a las v\u00edctimas directas e indirectas ser dignificadas y recuperar sus proyectos vida, as\u00ed como encontrar la paz.<\/p>\n<p><img decoding=\"async\" class=\"alignnone size-medium wp-image-6067\" src=\"https:\/\/portal.fgeo.gob.mx\/wp-content\/uploads\/2024\/04\/Fiscal%C3%ADa-de-Oaxaca-participa-en-programa-%E2%80%9CDifusi%C3%B3n-Masiva-de-C%C3%A9dulas-de-B%C3%BAsqueda%E2%80%9D-para-localizar-a-personas-desaparecidas-5-226x300.jpeg\" alt=\"\" width=\"226\" height=\"300\" \/><\/p>\n","protected":false},"author":2,"featured_media":5938,"comment_status":"closed","ping_status":"closed","template":"","tags":[],"categoria_noticias":[],"class_list":["post-16069","noticias","type-noticias","status-publish","has-post-thumbnail","hentry"],"acf":[],"mb":[],"mfb_rest_fields":["title","gutenberg_elementor_mode"],"_links":{"self":[{"href":"https:\/\/portal.fgeo.gob.mx\/index.php\/wp-json\/wp\/v2\/noticias\/16069","targetHints":{"allow":["GET"]}}],"collection":[{"href":"https:\/\/portal.fgeo.gob.mx\/index.php\/wp-json\/wp\/v2\/noticias"}],"about":[{"href":"https:\/\/portal.fgeo.gob.mx\/index.php\/wp-json\/wp\/v2\/types\/noticias"}],"author":[{"embeddable":true,"href":"https:\/\/portal.fgeo.gob.mx\/index.php\/wp-json\/wp\/v2\/users\/2"}],"replies":[{"embeddable":true,"href":"https:\/\/portal.fgeo.gob.mx\/index.php\/wp-json\/wp\/v2\/comments?post=16069"}],"wp:featuredmedia":[{"embeddable":true,"href":"https:\/\/portal.fgeo.gob.mx\/index.php\/wp-json\/"}],"wp:attachment":[{"href":"https:\/\/portal.fgeo.gob.mx\/index.php\/wp-json\/wp\/v2\/media?parent=16069"}],"wp:term":[{"taxonomy":"post_tag","embeddable":true,"href":"https:\/\/portal.fgeo.gob.mx\/index.php\/wp-json\/wp\/v2\/tags?post=16069"},{"taxonomy":"categoria_noticias","embeddable":true,"href":"https:\/\/portal.fgeo.gob.mx\/index.php\/wp-json\/wp\/v2\/categoria_noticias?post=16069"}],"curies":[{"name":"wp","href":"https:\/\/api.w.org\/{rel}","templated":true}]}}