{"id":16066,"date":"2024-04-19T11:27:11","date_gmt":"2024-04-19T17:27:11","guid":{"rendered":"https:\/\/fge.oaxaca.gob.mx\/?post_type=noticias&amp;p=6055"},"modified":"2024-04-19T11:27:11","modified_gmt":"2024-04-19T17:27:11","slug":"boletin-690-fiscalia-de-oaxaca-obtiene-sentencia-condenatoria-contra-responsable-del-delito-de-abuso-sexual-agravado-cometido-en-la-region-de-la-sierra-de-flores-magon","status":"publish","type":"noticias","link":"https:\/\/portal.fgeo.gob.mx\/index.php\/archivos\/noticias\/boletin-690-fiscalia-de-oaxaca-obtiene-sentencia-condenatoria-contra-responsable-del-delito-de-abuso-sexual-agravado-cometido-en-la-region-de-la-sierra-de-flores-magon","title":{"rendered":"BOLET\u00cdN 690.- Fiscal\u00eda de Oaxaca obtiene sentencia condenatoria contra responsable del delito de abuso sexual agravado, cometido en la regi\u00f3n de la Sierra de Flores Mag\u00f3n"},"content":{"rendered":"<p>Oaxaca de Ju\u00e1rez, Oax., a 19 de abril de 2024.- La Fiscal\u00eda General del Estado de Oaxaca (FGEO) obtuvo sentencia condenatoria contra una persona del sexo masculino identificada como A.V.S., responsable por la comisi\u00f3n del delito de Abuso Sexual Agravado, hechos ocurridos en la regi\u00f3n de la Sierra de Flores Mag\u00f3n.<\/p>\n<p>De acuerdo con el expediente penal del caso, los hechos ocurrieron en diversas ocasiones de 2022 y 2023, cuando la v\u00edctima (una adolescente, cuya identidad est\u00e1 reservada por ley) acudi\u00f3 a un establecimiento comercial en el municipio de Santos Reyes P\u00e1palo, cuando fue sometida y agredida de manera sexual.<\/p>\n<p>Tras recibir la denuncia por los hechos, la Instituci\u00f3n de procuraci\u00f3n de justicia inici\u00f3 una exhaustiva investigaci\u00f3n a trav\u00e9s de la Vicefiscal\u00eda de Control Regional, logrando obtener una orden aprehensi\u00f3n que hizo posible la detenci\u00f3n del imputado quien posteriormente, fue presentado ante el Juez de la causa.<\/p>\n<p>En audiencia, el Juez dict\u00f3 sentencia condenatoria contra A.V.S., imponiendo una pena de seis a\u00f1os de prisi\u00f3n por su responsabilidad en la comisi\u00f3n del delito de abuso sexual agravado, adem\u00e1s del pago de una multa y la reparaci\u00f3n del da\u00f1o.<\/p>\n<p>La Fiscal\u00eda General de Oaxaca, reitera en los hechos, su compromiso de llevar ante la Justicia a todo aquel que vulnere los derechos y la integridad de ni\u00f1as, ni\u00f1os, adolescentes y mujeres.<\/p>\n","protected":false},"author":2,"featured_media":5938,"comment_status":"closed","ping_status":"closed","template":"","tags":[],"categoria_noticias":[],"class_list":["post-16066","noticias","type-noticias","status-publish","has-post-thumbnail","hentry"],"acf":[],"mb":[],"mfb_rest_fields":["title","gutenberg_elementor_mode"],"_links":{"self":[{"href":"https:\/\/portal.fgeo.gob.mx\/index.php\/wp-json\/wp\/v2\/noticias\/16066","targetHints":{"allow":["GET"]}}],"collection":[{"href":"https:\/\/portal.fgeo.gob.mx\/index.php\/wp-json\/wp\/v2\/noticias"}],"about":[{"href":"https:\/\/portal.fgeo.gob.mx\/index.php\/wp-json\/wp\/v2\/types\/noticias"}],"author":[{"embeddable":true,"href":"https:\/\/portal.fgeo.gob.mx\/index.php\/wp-json\/wp\/v2\/users\/2"}],"replies":[{"embeddable":true,"href":"https:\/\/portal.fgeo.gob.mx\/index.php\/wp-json\/wp\/v2\/comments?post=16066"}],"wp:featuredmedia":[{"embeddable":true,"href":"https:\/\/portal.fgeo.gob.mx\/index.php\/wp-json\/"}],"wp:attachment":[{"href":"https:\/\/portal.fgeo.gob.mx\/index.php\/wp-json\/wp\/v2\/media?parent=16066"}],"wp:term":[{"taxonomy":"post_tag","embeddable":true,"href":"https:\/\/portal.fgeo.gob.mx\/index.php\/wp-json\/wp\/v2\/tags?post=16066"},{"taxonomy":"categoria_noticias","embeddable":true,"href":"https:\/\/portal.fgeo.gob.mx\/index.php\/wp-json\/wp\/v2\/categoria_noticias?post=16066"}],"curies":[{"name":"wp","href":"https:\/\/api.w.org\/{rel}","templated":true}]}}