{"id":16061,"date":"2024-04-17T07:25:03","date_gmt":"2024-04-17T13:25:03","guid":{"rendered":"https:\/\/fge.oaxaca.gob.mx\/?post_type=noticias&amp;p=6045"},"modified":"2024-04-17T07:25:03","modified_gmt":"2024-04-17T13:25:03","slug":"boletin-685-por-secuestro-contra-personas-migrantes-originarias-de-honduras-fiscalia-de-oaxaca-obtiene-sentencia-que-suma-320-anos-de-prision-contra-responsables","status":"publish","type":"noticias","link":"https:\/\/portal.fgeo.gob.mx\/index.php\/archivos\/noticias\/boletin-685-por-secuestro-contra-personas-migrantes-originarias-de-honduras-fiscalia-de-oaxaca-obtiene-sentencia-que-suma-320-anos-de-prision-contra-responsables","title":{"rendered":"BOLET\u00cdN 685.- Por secuestro contra personas migrantes originarias de Honduras, Fiscal\u00eda de Oaxaca obtiene sentencia que suma 320 a\u00f1os de prisi\u00f3n contra responsables"},"content":{"rendered":"<p>Oaxaca de Ju\u00e1rez, Oax., a 17 de abril de 2024.- El trabajo ministerial especializado en delitos de alto impacto que realiza la Fiscal\u00eda General del Estado de Oaxaca (FGEO) hizo posible obtener una sentencia condenatoria que suma 320 a\u00f1os de prisi\u00f3n en conjunto, contra dos personas del sexo masculino responsables por la comisi\u00f3n del delito de Secuestro Agravado, en agravio de cuatro personas (una de ellas mujer), originarias de Honduras, ocurrido en la regi\u00f3n del Istmo de Tehuantepec.<\/p>\n<p>De acuerdo con la causa penal, los hechos ocurrieron el 08 de junio de 2019, cuando un grupo de personas intercept\u00f3 a D.N.D.C., F.A.R.L., A.A.R.L. y J.A.R.G., en inmediaciones del m\u00f3dulo de migraci\u00f3n, ubicado en Ciudad Ixtepec, traslad\u00e1ndolos a una casa de seguridad, en el Rancho conocido como \u201cEl Chepe Negro\u201d jurisdicci\u00f3n de Zanatepec.<\/p>\n<p>Las familias de las v\u00edctimas recibieron llamadas telef\u00f3nicas en las que exig\u00edan una fuerte suma de dinero como rescate a cambio de liberar con vida a D.N.D.C, F.A.R.L., A.A.R.L. y J.A.R.G., privados ilegalmente de la libertad.<\/p>\n<p>Ante la situaci\u00f3n, familiares de las v\u00edctimas F.A.R.L., A.A.R.L. y J.A.R.G., realizaron un pago de rescate, siendo liberadas cerca de la poblaci\u00f3n de Niltepec. Mientras que, en lo que respecta a la v\u00edctima D.N.D.C., fue privada de la vida.<\/p>\n<p>Ante estos hechos, la FGEO inici\u00f3 los trabajos de investigaci\u00f3n a cargo de la Vicefiscal\u00eda Regional del Istmo, logrando aprehender y presentar a los imputados ante el Juez.<\/p>\n<p>Tras evaluar los datos de prueba aportados por la Fiscal\u00eda, derivado de la audiencia de individualizaci\u00f3n de la pena, el Juez que atiende la causa dict\u00f3 sentencia condenatoria de 160 a\u00f1os de prisi\u00f3n en contra de cada uno de los dos responsables identificados como: A.C., alias \u201cPeluche\u201d y O.T.Q., por su responsabilidad en la comisi\u00f3n del delito de Secuestro Agravado.<\/p>\n<p>Los trabajos de combate al secuestro que realiza la Fiscal\u00eda de Oaxaca se efect\u00faan de manera estricta a los protocolos en la materia para dar certeza a las v\u00edctimas directas e indirectas, para que tengan pleno acceso a la justicia.<\/p>\n<p><img fetchpriority=\"high\" decoding=\"async\" class=\"alignnone size-medium wp-image-6046\" src=\"https:\/\/portal.fgeo.gob.mx\/wp-content\/uploads\/2024\/04\/FOTO1-240x300.jpeg\" alt=\"\" width=\"240\" height=\"300\" \/> <img decoding=\"async\" class=\"alignnone size-medium wp-image-6047\" src=\"https:\/\/portal.fgeo.gob.mx\/wp-content\/uploads\/2024\/04\/FOTO2-239x300.jpeg\" alt=\"\" width=\"239\" height=\"300\" \/><\/p>\n","protected":false},"author":2,"featured_media":5938,"comment_status":"closed","ping_status":"closed","template":"","tags":[],"categoria_noticias":[],"class_list":["post-16061","noticias","type-noticias","status-publish","has-post-thumbnail","hentry"],"acf":[],"mb":[],"mfb_rest_fields":["title","gutenberg_elementor_mode"],"_links":{"self":[{"href":"https:\/\/portal.fgeo.gob.mx\/index.php\/wp-json\/wp\/v2\/noticias\/16061","targetHints":{"allow":["GET"]}}],"collection":[{"href":"https:\/\/portal.fgeo.gob.mx\/index.php\/wp-json\/wp\/v2\/noticias"}],"about":[{"href":"https:\/\/portal.fgeo.gob.mx\/index.php\/wp-json\/wp\/v2\/types\/noticias"}],"author":[{"embeddable":true,"href":"https:\/\/portal.fgeo.gob.mx\/index.php\/wp-json\/wp\/v2\/users\/2"}],"replies":[{"embeddable":true,"href":"https:\/\/portal.fgeo.gob.mx\/index.php\/wp-json\/wp\/v2\/comments?post=16061"}],"wp:featuredmedia":[{"embeddable":true,"href":"https:\/\/portal.fgeo.gob.mx\/index.php\/wp-json\/"}],"wp:attachment":[{"href":"https:\/\/portal.fgeo.gob.mx\/index.php\/wp-json\/wp\/v2\/media?parent=16061"}],"wp:term":[{"taxonomy":"post_tag","embeddable":true,"href":"https:\/\/portal.fgeo.gob.mx\/index.php\/wp-json\/wp\/v2\/tags?post=16061"},{"taxonomy":"categoria_noticias","embeddable":true,"href":"https:\/\/portal.fgeo.gob.mx\/index.php\/wp-json\/wp\/v2\/categoria_noticias?post=16061"}],"curies":[{"name":"wp","href":"https:\/\/api.w.org\/{rel}","templated":true}]}}