{"id":16059,"date":"2024-04-16T13:30:59","date_gmt":"2024-04-16T19:30:59","guid":{"rendered":"https:\/\/fge.oaxaca.gob.mx\/?post_type=noticias&amp;p=6042"},"modified":"2024-04-16T13:30:59","modified_gmt":"2024-04-16T19:30:59","slug":"boletin-683-ejecuta-fgeo-orden-de-aprehension-por-violacion-y-abuso-sexual-de-dos-ninas-hechos-ocurridos-en-los-valles-centrales-de-oaxaca","status":"publish","type":"noticias","link":"https:\/\/portal.fgeo.gob.mx\/index.php\/archivos\/noticias\/boletin-683-ejecuta-fgeo-orden-de-aprehension-por-violacion-y-abuso-sexual-de-dos-ninas-hechos-ocurridos-en-los-valles-centrales-de-oaxaca","title":{"rendered":"BOLET\u00cdN 683.- Ejecuta FGEO orden de aprehensi\u00f3n por violaci\u00f3n y abuso sexual de dos ni\u00f1as, hechos ocurridos en los Valles Centrales de Oaxaca"},"content":{"rendered":"<p>Oaxaca de Ju\u00e1rez, Oax., a 16 de abril de 2024.- Como parte de la estrategia de cero tolerancia a delitos contra la mujer por raz\u00f3n de g\u00e9nero, la Fiscal\u00eda General del Estado de Oaxaca (FGEO) ejecut\u00f3 una orden de aprehensi\u00f3n en contra de una persona del sexo masculino identificada como E.V.R., por su probable responsabilidad en los delitos de violaci\u00f3n equiparada y abuso sexual infantil, cometida en agravio de dos ni\u00f1as, hechos ocurridos en la regi\u00f3n de los Valles Centrales.<\/p>\n<p>Conforme a lo establecido en el expediente penal del caso, las agresiones sexuales contra las dos menores de edad (cuya identidad est\u00e1 reservada por ley) ocurrieron en diferentes fechas dentro de la poblaci\u00f3n de Zimatl\u00e1n de \u00c1lvarez, municipio de los Valles Centrales de Oaxaca.<\/p>\n<p>Cuando la FGEO recibi\u00f3 la denuncia, inici\u00f3 las investigaciones a trav\u00e9s de la Fiscal\u00eda Especializada para la Atenci\u00f3n a Delitos Contra la Mujer por Raz\u00f3n de G\u00e9nero y derivado de los resultados de prueba, obtuvo una orden de aprehensi\u00f3n, mandato judicial al que se le dio cumplimiento durante un operativo encabezado por la Agencia Estatal de Investigaciones (AEI) que logr\u00f3 la detenci\u00f3n de E.V.R., quien fue puesto a disposici\u00f3n de la autoridad competente que lo requiri\u00f3.<\/p>\n<p>La Fiscal\u00eda del Estado de Oaxaca refrenda su compromiso de brindar una atenci\u00f3n integral y efectiva a las v\u00edctimas, especialmente cuando se trata de delitos cometidos en contra de ni\u00f1as, ni\u00f1os y adolescentes a efecto de garantizar el derecho a tener una vida libre de violencia.<\/p>\n","protected":false},"author":2,"featured_media":5938,"comment_status":"closed","ping_status":"closed","template":"","tags":[],"categoria_noticias":[],"class_list":["post-16059","noticias","type-noticias","status-publish","has-post-thumbnail","hentry"],"acf":[],"mb":[],"mfb_rest_fields":["title","gutenberg_elementor_mode"],"_links":{"self":[{"href":"https:\/\/portal.fgeo.gob.mx\/index.php\/wp-json\/wp\/v2\/noticias\/16059","targetHints":{"allow":["GET"]}}],"collection":[{"href":"https:\/\/portal.fgeo.gob.mx\/index.php\/wp-json\/wp\/v2\/noticias"}],"about":[{"href":"https:\/\/portal.fgeo.gob.mx\/index.php\/wp-json\/wp\/v2\/types\/noticias"}],"author":[{"embeddable":true,"href":"https:\/\/portal.fgeo.gob.mx\/index.php\/wp-json\/wp\/v2\/users\/2"}],"replies":[{"embeddable":true,"href":"https:\/\/portal.fgeo.gob.mx\/index.php\/wp-json\/wp\/v2\/comments?post=16059"}],"wp:featuredmedia":[{"embeddable":true,"href":"https:\/\/portal.fgeo.gob.mx\/index.php\/wp-json\/"}],"wp:attachment":[{"href":"https:\/\/portal.fgeo.gob.mx\/index.php\/wp-json\/wp\/v2\/media?parent=16059"}],"wp:term":[{"taxonomy":"post_tag","embeddable":true,"href":"https:\/\/portal.fgeo.gob.mx\/index.php\/wp-json\/wp\/v2\/tags?post=16059"},{"taxonomy":"categoria_noticias","embeddable":true,"href":"https:\/\/portal.fgeo.gob.mx\/index.php\/wp-json\/wp\/v2\/categoria_noticias?post=16059"}],"curies":[{"name":"wp","href":"https:\/\/api.w.org\/{rel}","templated":true}]}}