{"id":16055,"date":"2024-04-12T15:00:41","date_gmt":"2024-04-12T21:00:41","guid":{"rendered":"https:\/\/fge.oaxaca.gob.mx\/?post_type=noticias&amp;p=5978"},"modified":"2024-04-12T15:00:41","modified_gmt":"2024-04-12T21:00:41","slug":"boletin-679-obtiene-fgeo-vinculacion-a-proceso-por-violencia-familiar-cometida-en-la-costa","status":"publish","type":"noticias","link":"https:\/\/portal.fgeo.gob.mx\/index.php\/archivos\/noticias\/boletin-679-obtiene-fgeo-vinculacion-a-proceso-por-violencia-familiar-cometida-en-la-costa","title":{"rendered":"BOLET\u00cdN 679.- Obtiene FGEO vinculaci\u00f3n a proceso por violencia familiar cometida en la Costa"},"content":{"rendered":"<p>Oaxaca de Ju\u00e1rez, Oax., a 12 de abril de 2024.- La Fiscal\u00eda General del Estado de Oaxaca obtuvo auto de vinculaci\u00f3n a proceso en contra de una persona del sexo masculino identificada como A.M.L., imputado por el delito de violencia familiar, hechos ocurridos en la regi\u00f3n de la Costa.<\/p>\n<p>De acuerdo con el expediente penal, el primero de abril de 2023, la v\u00edctima identificada como A.R.G., fue agredida f\u00edsicamente mientras se encontraba en su domicilio ubicado en Santiago Pinotepa Nacional.<\/p>\n<p>La Fiscal\u00eda General del Estado recibi\u00f3 la denuncia, por lo que a trav\u00e9s de la Vicefiscal\u00eda Regional de la Costa inici\u00f3 las indagatorias correspondientes que permitieron ejecutar la orden de aprehensi\u00f3n en contra de A.M.L., quien fue presentado ante el Juez que conoce la causa.<\/p>\n<p>Tras valorar las pruebas presentadas por la FGEO, el Juez determin\u00f3 vincular a proceso al imputado por el delito de violencia familiar, adem\u00e1s de otorgar un mes para el cierre de la investigaci\u00f3n.<\/p>\n<p>La Fiscal\u00eda de Oaxaca est\u00e1 comprometida con brindar resultados eficaces a las v\u00edctimas del delito de violencia familiar, por ello, realiza investigaciones con perspectiva de g\u00e9nero que permitan brindar una atenci\u00f3n integral a las v\u00edctimas.<\/p>\n<p>&nbsp;<\/p>\n","protected":false},"author":2,"featured_media":5938,"comment_status":"closed","ping_status":"closed","template":"","tags":[],"categoria_noticias":[],"class_list":["post-16055","noticias","type-noticias","status-publish","has-post-thumbnail","hentry"],"acf":[],"mb":[],"mfb_rest_fields":["title","gutenberg_elementor_mode"],"_links":{"self":[{"href":"https:\/\/portal.fgeo.gob.mx\/index.php\/wp-json\/wp\/v2\/noticias\/16055","targetHints":{"allow":["GET"]}}],"collection":[{"href":"https:\/\/portal.fgeo.gob.mx\/index.php\/wp-json\/wp\/v2\/noticias"}],"about":[{"href":"https:\/\/portal.fgeo.gob.mx\/index.php\/wp-json\/wp\/v2\/types\/noticias"}],"author":[{"embeddable":true,"href":"https:\/\/portal.fgeo.gob.mx\/index.php\/wp-json\/wp\/v2\/users\/2"}],"replies":[{"embeddable":true,"href":"https:\/\/portal.fgeo.gob.mx\/index.php\/wp-json\/wp\/v2\/comments?post=16055"}],"wp:featuredmedia":[{"embeddable":true,"href":"https:\/\/portal.fgeo.gob.mx\/index.php\/wp-json\/"}],"wp:attachment":[{"href":"https:\/\/portal.fgeo.gob.mx\/index.php\/wp-json\/wp\/v2\/media?parent=16055"}],"wp:term":[{"taxonomy":"post_tag","embeddable":true,"href":"https:\/\/portal.fgeo.gob.mx\/index.php\/wp-json\/wp\/v2\/tags?post=16055"},{"taxonomy":"categoria_noticias","embeddable":true,"href":"https:\/\/portal.fgeo.gob.mx\/index.php\/wp-json\/wp\/v2\/categoria_noticias?post=16055"}],"curies":[{"name":"wp","href":"https:\/\/api.w.org\/{rel}","templated":true}]}}