{"id":16048,"date":"2024-04-08T10:49:09","date_gmt":"2024-04-08T16:49:09","guid":{"rendered":"https:\/\/fge.oaxaca.gob.mx\/?post_type=noticias&amp;p=5963"},"modified":"2024-04-08T10:49:09","modified_gmt":"2024-04-08T16:49:09","slug":"boletin-671-logra-fiscalia-de-oaxaca-vinculacion-a-proceso-y-prision-contra-imputado-por-tentativa-de-homicidio-cometido-en-la-region-mixteca","status":"publish","type":"noticias","link":"https:\/\/portal.fgeo.gob.mx\/index.php\/archivos\/noticias\/boletin-671-logra-fiscalia-de-oaxaca-vinculacion-a-proceso-y-prision-contra-imputado-por-tentativa-de-homicidio-cometido-en-la-region-mixteca","title":{"rendered":"BOLET\u00cdN 671.- Logra Fiscal\u00eda de Oaxaca vinculaci\u00f3n a proceso y prisi\u00f3n contra imputado por tentativa de homicidio, cometido en la regi\u00f3n Mixteca"},"content":{"rendered":"<p><strong>Oaxaca de Ju\u00e1rez, Oax., a 8 de abril de 2024.-<\/strong> Como resultado de la acci\u00f3n de los trabajos ministeriales que realiza la Fiscal\u00eda General del Estado de Oaxaca (FGEO), se obtuvo auto de vinculaci\u00f3n a proceso y prisi\u00f3n preventiva en contra una persona del sexo masculino identificada como A.C.R., o A.G.C.R., imputado por el delito de tentativa de homicidio calificado con ventaja y premeditaci\u00f3n en grado de tentativa en agravio de H.R.C., y J.R.M., hechos ocurridos en la regi\u00f3n de la Mixteca.<\/p>\n<p>De acuerdo con lo asentado en el expediente penal del caso, los hechos ocurrieron el 21 de junio de 2022, cuando las v\u00edctimas fueron atacadas con disparos de arma de fuego, por lo que sufrieron diversas lesiones que pusieron en peligro sus vidas, hechos ocurridos en un domicilio ubicado en la Colonia Centro en Guadalupe de Ram\u00edrez de Huajuapan de Le\u00f3n.<\/p>\n<p>Tras estos hechos, la FGEO inici\u00f3 las investigaciones a trav\u00e9s de la Vicefiscal\u00eda Regional de la Mixteca, gracias a las cuales se obtuvo una orden de aprehensi\u00f3n por la que detuvieron a A.C.R., o A.G.C.R., quien fue presentado ante el Juez que dict\u00f3 auto de vinculaci\u00f3n a proceso en contra del imputado, a quien impuso la medida cautelar de prisi\u00f3n preventiva.<\/p>\n<p>La Fiscal\u00eda General de Oaxaca refrenda su compromiso de seguir trabajando para dar resultados inmediatos y no dejar en la impunidad hechos que vulneren o atenten contra la integridad de las v\u00edctimas.<\/p>\n<p>&nbsp;<\/p>\n","protected":false},"author":2,"featured_media":5938,"comment_status":"closed","ping_status":"closed","template":"","tags":[],"categoria_noticias":[],"class_list":["post-16048","noticias","type-noticias","status-publish","has-post-thumbnail","hentry"],"acf":[],"mb":[],"mfb_rest_fields":["title","gutenberg_elementor_mode"],"_links":{"self":[{"href":"https:\/\/portal.fgeo.gob.mx\/index.php\/wp-json\/wp\/v2\/noticias\/16048","targetHints":{"allow":["GET"]}}],"collection":[{"href":"https:\/\/portal.fgeo.gob.mx\/index.php\/wp-json\/wp\/v2\/noticias"}],"about":[{"href":"https:\/\/portal.fgeo.gob.mx\/index.php\/wp-json\/wp\/v2\/types\/noticias"}],"author":[{"embeddable":true,"href":"https:\/\/portal.fgeo.gob.mx\/index.php\/wp-json\/wp\/v2\/users\/2"}],"replies":[{"embeddable":true,"href":"https:\/\/portal.fgeo.gob.mx\/index.php\/wp-json\/wp\/v2\/comments?post=16048"}],"wp:featuredmedia":[{"embeddable":true,"href":"https:\/\/portal.fgeo.gob.mx\/index.php\/wp-json\/"}],"wp:attachment":[{"href":"https:\/\/portal.fgeo.gob.mx\/index.php\/wp-json\/wp\/v2\/media?parent=16048"}],"wp:term":[{"taxonomy":"post_tag","embeddable":true,"href":"https:\/\/portal.fgeo.gob.mx\/index.php\/wp-json\/wp\/v2\/tags?post=16048"},{"taxonomy":"categoria_noticias","embeddable":true,"href":"https:\/\/portal.fgeo.gob.mx\/index.php\/wp-json\/wp\/v2\/categoria_noticias?post=16048"}],"curies":[{"name":"wp","href":"https:\/\/api.w.org\/{rel}","templated":true}]}}