{"id":16045,"date":"2024-04-06T07:35:27","date_gmt":"2024-04-06T13:35:27","guid":{"rendered":"https:\/\/fge.oaxaca.gob.mx\/?post_type=noticias&amp;p=5958"},"modified":"2024-04-06T07:35:27","modified_gmt":"2024-04-06T13:35:27","slug":"boletin-668-ejecuta-fiscalia-de-oaxaca-orden-de-aprehension-contra-un-individuo-por-el-delito-de-violacion-agravada-y-pederastia-agravada-ocurrida-en-los-valles-centrales","status":"publish","type":"noticias","link":"https:\/\/portal.fgeo.gob.mx\/index.php\/archivos\/noticias\/boletin-668-ejecuta-fiscalia-de-oaxaca-orden-de-aprehension-contra-un-individuo-por-el-delito-de-violacion-agravada-y-pederastia-agravada-ocurrida-en-los-valles-centrales","title":{"rendered":"BOLET\u00cdN 668.- Ejecuta Fiscal\u00eda de Oaxaca orden de aprehensi\u00f3n contra un individuo por el delito de violaci\u00f3n agravada y pederastia agravada, ocurrida en los Valles Centrales"},"content":{"rendered":"<p>&nbsp;<\/p>\n<p><strong>Oaxaca de Ju\u00e1rez, Oax., a 6 de abril de 2024.-<\/strong> Como parte de la estrategia de cero tolerancia a delitos contra la mujer por raz\u00f3n de g\u00e9nero, la Fiscal\u00eda General del Estado de Oaxaca (FGEO) ejecut\u00f3 una orden de aprehensi\u00f3n en contra de una persona del sexo masculino identificada como J.J.S.R., por los delitos de violaci\u00f3n agravada y pederastia agravada cometida en agravio de una menor de edad, hechos ocurridos en la regi\u00f3n de los Valles Centrales.<\/p>\n<p>De acuerdo con el expediente penal, los hechos sucedieron el 6 de abril de 2023, cuando la v\u00edctima (una ni\u00f1a cuya identidad est\u00e1 reservada por ley), se encontraba en un domicilio ubicado en Santa Cruz Xoxocotl\u00e1n, cuando sufri\u00f3 una agresi\u00f3n, conducta que, de acuerdo con el C\u00f3digo Penal Vigente en el Estado de Oaxaca, se configura como los delitos de violaci\u00f3n agravada y pederastia agravada.<\/p>\n<p>Cuando la FGEO tom\u00f3 la denuncia, inici\u00f3 las investigaciones correspondientes a trav\u00e9s de la Fiscal\u00eda Especializada para la Atenci\u00f3n a Delitos Contra la Mujer por Raz\u00f3n de G\u00e9nero, que obtuvo una orden de aprehensi\u00f3n, mandato judicial al que se le dio cumplimiento durante un operativo encabezado por la Agencia Estatal de Investigaciones (AEI) que detuvo a J.J.S.R., quien fue puesto a disposici\u00f3n de la autoridad competente para que se determine su situaci\u00f3n jur\u00eddica.<\/p>\n<p>La Fiscal\u00eda del Estado de Oaxaca refrenda su compromiso de brindar una atenci\u00f3n integral a las v\u00edctimas, especialmente cuando se trata de delitos cometidos en contra de ni\u00f1as, ni\u00f1os y adolescentes a efecto de garantizar el derecho a tener una vida libre de violencia.<\/p>\n<p><img fetchpriority=\"high\" decoding=\"async\" class=\"alignnone size-medium wp-image-5959\" src=\"https:\/\/portal.fgeo.gob.mx\/wp-content\/uploads\/2024\/04\/BOLET%C3%8DN-668.-Ejecuta-Fiscal%C3%ADa-de-Oaxaca-orden-de-aprehensi%C3%B3n-contra-un-individuo-por-el-delito-de-violaci%C3%B3n-agravada-y-pederastia-agravada-ocurrida-en-los-Valles-Centrales_page-0001-232x300.jpg\" alt=\"\" width=\"232\" height=\"300\" \/><\/p>\n<p>&nbsp;<\/p>\n<p>&nbsp;<\/p>\n<p>&nbsp;<\/p>\n<p>&nbsp;<\/p>\n<p>&nbsp;<\/p>\n","protected":false},"author":2,"featured_media":5938,"comment_status":"closed","ping_status":"closed","template":"","tags":[],"categoria_noticias":[],"class_list":["post-16045","noticias","type-noticias","status-publish","has-post-thumbnail","hentry"],"acf":[],"mb":[],"mfb_rest_fields":["title","gutenberg_elementor_mode"],"_links":{"self":[{"href":"https:\/\/portal.fgeo.gob.mx\/index.php\/wp-json\/wp\/v2\/noticias\/16045","targetHints":{"allow":["GET"]}}],"collection":[{"href":"https:\/\/portal.fgeo.gob.mx\/index.php\/wp-json\/wp\/v2\/noticias"}],"about":[{"href":"https:\/\/portal.fgeo.gob.mx\/index.php\/wp-json\/wp\/v2\/types\/noticias"}],"author":[{"embeddable":true,"href":"https:\/\/portal.fgeo.gob.mx\/index.php\/wp-json\/wp\/v2\/users\/2"}],"replies":[{"embeddable":true,"href":"https:\/\/portal.fgeo.gob.mx\/index.php\/wp-json\/wp\/v2\/comments?post=16045"}],"wp:featuredmedia":[{"embeddable":true,"href":"https:\/\/portal.fgeo.gob.mx\/index.php\/wp-json\/"}],"wp:attachment":[{"href":"https:\/\/portal.fgeo.gob.mx\/index.php\/wp-json\/wp\/v2\/media?parent=16045"}],"wp:term":[{"taxonomy":"post_tag","embeddable":true,"href":"https:\/\/portal.fgeo.gob.mx\/index.php\/wp-json\/wp\/v2\/tags?post=16045"},{"taxonomy":"categoria_noticias","embeddable":true,"href":"https:\/\/portal.fgeo.gob.mx\/index.php\/wp-json\/wp\/v2\/categoria_noticias?post=16045"}],"curies":[{"name":"wp","href":"https:\/\/api.w.org\/{rel}","templated":true}]}}