{"id":16044,"date":"2024-04-05T17:46:24","date_gmt":"2024-04-05T23:46:24","guid":{"rendered":"https:\/\/fge.oaxaca.gob.mx\/?post_type=noticias&amp;p=5956"},"modified":"2024-04-05T17:46:24","modified_gmt":"2024-04-05T23:46:24","slug":"boletin-667-fiscalia-de-oaxaca-recibe-denuncia-e-investiga-a-traves-de-areas-especializadas-agresion-contra-adolescente-ocurrida-en-telesecundaria-de-san-juan-guelavia","status":"publish","type":"noticias","link":"https:\/\/portal.fgeo.gob.mx\/index.php\/archivos\/noticias\/boletin-667-fiscalia-de-oaxaca-recibe-denuncia-e-investiga-a-traves-de-areas-especializadas-agresion-contra-adolescente-ocurrida-en-telesecundaria-de-san-juan-guelavia","title":{"rendered":"BOLET\u00cdN 667 &#8211; Fiscal\u00eda de Oaxaca recibe denuncia e investiga -a trav\u00e9s de \u00e1reas especializadas- agresi\u00f3n contra adolescente ocurrida en telesecundaria de San Juan Guelav\u00eda"},"content":{"rendered":"<p><strong>Oaxaca de Ju\u00e1rez, Oax., a 05 abril de 2024.-<\/strong> La Fiscal\u00eda General del Estado de Oaxaca (FGEO) inici\u00f3 los trabajos ministeriales especializados en justicia para adolescentes, luego de recibir una denuncia penal por la cual se inici\u00f3 la carpeta de investigaci\u00f3n 10415\/FADO\/2024, por el delito de Lesiones, ante la agresi\u00f3n que sufri\u00f3 un menor de edad en el municipio de San Juan Guelav\u00eda, en los Valles Centrales.<\/p>\n<p>La FGEO tom\u00f3 conocimiento del caso a trav\u00e9s de la Fiscal\u00eda Especializada en Justicia para Adolescentes, para que lleve a cabo las investigaciones correspondientes en un marco de respeto a sus derechos humanos debido a que, de acuerdo con la denuncia, el delito habr\u00eda sido cometido por un adolescente; adem\u00e1s que se atiende de manera integral para garantizar el derecho de acceso a la justicia de la v\u00edctima.<\/p>\n<p>De acuerdo con la denuncia penal realizada por la v\u00edctima (un adolescente de 13 a\u00f1os de edad, cuya identidad est\u00e1 reservada por ley), los hechos ocurrieron el 15 de marzo de 2024 en la telesecundaria de San Juan Guelav\u00eda, cuando realizaba actividades escolares, momento en que le lanzaron a los ojos una sustancia (aparentemente cal), la cual provoc\u00f3 lesiones que ser\u00e1n evaluadas por especialistas forenses.<\/p>\n<p>A partir de la denuncia, la FGEO deriv\u00f3 el caso a Fiscal\u00eda Especializada en Justicia para Adolescentes debido a que, conforme a los se\u00f1alamientos realizados por la v\u00edctima, el probable agresor ser\u00eda adolescente, por lo que se eval\u00faa la situaci\u00f3n jur\u00eddica para brindar los servicios pertinentes.<\/p>\n<p>La Fiscal\u00eda de Oaxaca cuenta con equipos especializado en diferentes materias enfocadas a la procuraci\u00f3n de justicia, para que, los procesos se aborden tomando en cuenta las particularidades de las v\u00edctimas y las circunstancias especiales de los probables agresores.<img fetchpriority=\"high\" decoding=\"async\" class=\"alignnone size-medium wp-image-5957\" src=\"https:\/\/portal.fgeo.gob.mx\/wp-content\/uploads\/2024\/04\/BOLET%C3%8DN-667-Fiscal%C3%ADa-de-Oaxaca-recibe-denuncia-e-investiga-a-trav%C3%A9s-de-%C3%A1reas-especializadas-agresi%C3%B3n-contra-adolescente-ocurrida-en-telesecundaria-de-San-Juan-Guelav%C3%ADa_page-0001-232x300.jpg\" alt=\"\" width=\"232\" height=\"300\" \/><\/p>\n","protected":false},"author":2,"featured_media":5938,"comment_status":"closed","ping_status":"closed","template":"","tags":[],"categoria_noticias":[],"class_list":["post-16044","noticias","type-noticias","status-publish","has-post-thumbnail","hentry"],"acf":[],"mb":[],"mfb_rest_fields":["title","gutenberg_elementor_mode"],"_links":{"self":[{"href":"https:\/\/portal.fgeo.gob.mx\/index.php\/wp-json\/wp\/v2\/noticias\/16044","targetHints":{"allow":["GET"]}}],"collection":[{"href":"https:\/\/portal.fgeo.gob.mx\/index.php\/wp-json\/wp\/v2\/noticias"}],"about":[{"href":"https:\/\/portal.fgeo.gob.mx\/index.php\/wp-json\/wp\/v2\/types\/noticias"}],"author":[{"embeddable":true,"href":"https:\/\/portal.fgeo.gob.mx\/index.php\/wp-json\/wp\/v2\/users\/2"}],"replies":[{"embeddable":true,"href":"https:\/\/portal.fgeo.gob.mx\/index.php\/wp-json\/wp\/v2\/comments?post=16044"}],"wp:featuredmedia":[{"embeddable":true,"href":"https:\/\/portal.fgeo.gob.mx\/index.php\/wp-json\/"}],"wp:attachment":[{"href":"https:\/\/portal.fgeo.gob.mx\/index.php\/wp-json\/wp\/v2\/media?parent=16044"}],"wp:term":[{"taxonomy":"post_tag","embeddable":true,"href":"https:\/\/portal.fgeo.gob.mx\/index.php\/wp-json\/wp\/v2\/tags?post=16044"},{"taxonomy":"categoria_noticias","embeddable":true,"href":"https:\/\/portal.fgeo.gob.mx\/index.php\/wp-json\/wp\/v2\/categoria_noticias?post=16044"}],"curies":[{"name":"wp","href":"https:\/\/api.w.org\/{rel}","templated":true}]}}