{"id":16042,"date":"2024-04-05T10:57:57","date_gmt":"2024-04-05T16:57:57","guid":{"rendered":"https:\/\/fge.oaxaca.gob.mx\/?post_type=noticias&amp;p=5954"},"modified":"2024-04-05T10:57:57","modified_gmt":"2024-04-05T16:57:57","slug":"boletin-665-por-el-delito-de-violacion-logra-fgeo-tres-vinculaciones-a-proceso-contra-imputados-los-casos-ocurrieron-en-la-region-de-la-costa","status":"publish","type":"noticias","link":"https:\/\/portal.fgeo.gob.mx\/index.php\/archivos\/noticias\/boletin-665-por-el-delito-de-violacion-logra-fgeo-tres-vinculaciones-a-proceso-contra-imputados-los-casos-ocurrieron-en-la-region-de-la-costa","title":{"rendered":"BOLET\u00cdN 665.- Por el delito de violaci\u00f3n, logra FGEO tres vinculaciones a proceso contra imputados; los casos ocurrieron en la regi\u00f3n de la Costa"},"content":{"rendered":"<p><strong>Oaxaca de Ju\u00e1rez, Oax., a 5 de abril de 2024.-<\/strong> Como parte de la estrategia de combate a los delitos cometidos en contra de ni\u00f1as, adolescentes y mujeres, la Fiscal\u00eda General del Estado de Oaxaca (FGEO), a trav\u00e9s de la Vicefiscal\u00eda Regional de la Costa, obtuvo tres vinculaciones a proceso para personas imputadas -en diferentes casos- por los delitos de Violaci\u00f3n agravada y abuso sexual agravado, Equiparado a la violaci\u00f3n, ocurridos en la regi\u00f3n de la Costa.<\/p>\n<p>El primero de los casos sucedi\u00f3 en marzo de 2024, cuando la v\u00edctima (una ni\u00f1a cuya identidad est\u00e1 reservada por ley), se encontraba en un domicilio ubicado en el Barrio de Benito Ju\u00e1rez de San Juan Lachao Nuevo del distrito de Juquila, sitio en el que fue agredida sexualmente.<\/p>\n<p>Ante estos hechos, la FGEO obtuvo una orden de aprehensi\u00f3n por el delito de Violaci\u00f3n agravada y abuso sexual agravado que se ejecut\u00f3 en contra de A.S.S., quien qued\u00f3 a disposici\u00f3n del Juez que dict\u00f3 auto de vinculaci\u00f3n a proceso e impuso prisi\u00f3n preventiva como medida cautelar y otorg\u00f3 dos meses para el cierre de la investigaci\u00f3n.<\/p>\n<p>El segundo hecho ocurri\u00f3 el 15 de noviembre de 2022, cuando una menor de edad sufri\u00f3 una agresi\u00f3n, conducta que constituye la comisi\u00f3n del delito Equiparado a la violaci\u00f3n, por lo que, familiares de la v\u00edctima presentaron su denuncia ante la Fiscal\u00eda de Oaxaca.<\/p>\n<p>Luego de realizar las investigaciones correspondientes, la FGEO logr\u00f3 vincular a proceso a F.C.S., quedando a disposici\u00f3n del Juez, quien dict\u00f3 auto de vinculaci\u00f3n a proceso e impuso prisi\u00f3n preventiva, adem\u00e1s de otorgar dos meses para el cierre de la investigaci\u00f3n.<\/p>\n<p>El \u00faltimo caso, sucedi\u00f3 en un domicilio particular ubicado en la Crucecita, perteneciente a Santa Mar\u00eda Huatulco, cuando la v\u00edctima fue agredida de manera sexual en diferentes fechas, desde que ten\u00eda cinco a\u00f1os de edad y hasta que cumpli\u00f3 los 15.<\/p>\n<p>En audiencia, el Juzgado de Control dict\u00f3 auto de vinculaci\u00f3n a proceso contra M.R.S., a quien impuso prisi\u00f3n preventiva, adem\u00e1s de otorgar dos meses para el cierre de la investigaci\u00f3n complementaria.<\/p>\n<p>La Fiscal\u00eda del Estado de Oaxaca refrenda su compromiso de brindar una atenci\u00f3n integral a las v\u00edctimas, especialmente cuando se trata de delitos cometidos en contra de ni\u00f1as, ni\u00f1os y adolescentes a efecto de garantizar el derecho a tener una vida libre de violencia.<\/p>\n<p>&nbsp;<\/p>\n<p>&nbsp;<\/p>\n","protected":false},"author":2,"featured_media":5938,"comment_status":"closed","ping_status":"closed","template":"","tags":[],"categoria_noticias":[],"class_list":["post-16042","noticias","type-noticias","status-publish","has-post-thumbnail","hentry"],"acf":[],"mb":[],"mfb_rest_fields":["title","gutenberg_elementor_mode"],"_links":{"self":[{"href":"https:\/\/portal.fgeo.gob.mx\/index.php\/wp-json\/wp\/v2\/noticias\/16042","targetHints":{"allow":["GET"]}}],"collection":[{"href":"https:\/\/portal.fgeo.gob.mx\/index.php\/wp-json\/wp\/v2\/noticias"}],"about":[{"href":"https:\/\/portal.fgeo.gob.mx\/index.php\/wp-json\/wp\/v2\/types\/noticias"}],"author":[{"embeddable":true,"href":"https:\/\/portal.fgeo.gob.mx\/index.php\/wp-json\/wp\/v2\/users\/2"}],"replies":[{"embeddable":true,"href":"https:\/\/portal.fgeo.gob.mx\/index.php\/wp-json\/wp\/v2\/comments?post=16042"}],"wp:featuredmedia":[{"embeddable":true,"href":"https:\/\/portal.fgeo.gob.mx\/index.php\/wp-json\/"}],"wp:attachment":[{"href":"https:\/\/portal.fgeo.gob.mx\/index.php\/wp-json\/wp\/v2\/media?parent=16042"}],"wp:term":[{"taxonomy":"post_tag","embeddable":true,"href":"https:\/\/portal.fgeo.gob.mx\/index.php\/wp-json\/wp\/v2\/tags?post=16042"},{"taxonomy":"categoria_noticias","embeddable":true,"href":"https:\/\/portal.fgeo.gob.mx\/index.php\/wp-json\/wp\/v2\/categoria_noticias?post=16042"}],"curies":[{"name":"wp","href":"https:\/\/api.w.org\/{rel}","templated":true}]}}