{"id":16041,"date":"2024-04-04T17:05:20","date_gmt":"2024-04-04T23:05:20","guid":{"rendered":"https:\/\/fge.oaxaca.gob.mx\/?post_type=noticias&amp;p=5953"},"modified":"2024-04-04T17:05:20","modified_gmt":"2024-04-04T23:05:20","slug":"boletin-664-logra-fiscalia-de-oaxaca-vincular-a-proceso-a-una-mujer-por-el-delito-de-extorsion-ocurrido-en-la-region-de-la-costa","status":"publish","type":"noticias","link":"https:\/\/portal.fgeo.gob.mx\/index.php\/archivos\/noticias\/boletin-664-logra-fiscalia-de-oaxaca-vincular-a-proceso-a-una-mujer-por-el-delito-de-extorsion-ocurrido-en-la-region-de-la-costa","title":{"rendered":"BOLET\u00cdN 664.- Logra Fiscal\u00eda de Oaxaca vincular a proceso a una mujer por el delito de extorsi\u00f3n ocurrido en la regi\u00f3n de la Costa"},"content":{"rendered":"<p><strong>Oaxaca de Ju\u00e1rez, Oax., a 4 de abril de 2024.-<\/strong> Como resultado del trabajo de investigaci\u00f3n ministerial, la Fiscal\u00eda General del Estado de Oaxaca (FGEO) vincul\u00f3 a proceso a una persona del sexo femenino identificada como E.S.S, por el delito de extorsi\u00f3n cometido en la regi\u00f3n de la Costa.<\/p>\n<p>De acuerdo a la causa penal, los hechos ocurrieron el 22 de diciembre del 2023 en un crucero vial, perteneciente a la localidad de Cerro del Aire, Santos Reyes Nopala del distrito de Juquila, lugar donde citaron a las personas que fueron v\u00edctimas de amenazas verbales y f\u00edsicas, con lo que exigieron el pago de una fuerte suma de dinero en efectivo.<\/p>\n<p>Una vez que la FGEO recab\u00f3 los datos de prueba, a trav\u00e9s de la Vicefiscal\u00eda Regional de la Costa, se obtuvo la orden de aprehensi\u00f3n correspondiente.<\/p>\n<p>Gracias a una acci\u00f3n policial desplegada por elementos de la Agencia Estatal de Investigaciones (AEI) se logr\u00f3 la detenci\u00f3n de E.S.S., quien fue puesta a disposici\u00f3n de las autoridades correspondientes.<\/p>\n<p>Tras evaluar el resultado de las indagatorias ministeriales, el Juez que atiende la causa, dict\u00f3 auto de vinculaci\u00f3n a proceso en contra de la imputada, a quien impuso la medida cautelar de prisi\u00f3n preventiva oficiosa, concediendo el plazo de un mes para el cierre de investigaci\u00f3n complementaria.<\/p>\n","protected":false},"author":2,"featured_media":5938,"comment_status":"closed","ping_status":"closed","template":"","tags":[],"categoria_noticias":[],"class_list":["post-16041","noticias","type-noticias","status-publish","has-post-thumbnail","hentry"],"acf":[],"mb":[],"mfb_rest_fields":["title","gutenberg_elementor_mode"],"_links":{"self":[{"href":"https:\/\/portal.fgeo.gob.mx\/index.php\/wp-json\/wp\/v2\/noticias\/16041","targetHints":{"allow":["GET"]}}],"collection":[{"href":"https:\/\/portal.fgeo.gob.mx\/index.php\/wp-json\/wp\/v2\/noticias"}],"about":[{"href":"https:\/\/portal.fgeo.gob.mx\/index.php\/wp-json\/wp\/v2\/types\/noticias"}],"author":[{"embeddable":true,"href":"https:\/\/portal.fgeo.gob.mx\/index.php\/wp-json\/wp\/v2\/users\/2"}],"replies":[{"embeddable":true,"href":"https:\/\/portal.fgeo.gob.mx\/index.php\/wp-json\/wp\/v2\/comments?post=16041"}],"wp:featuredmedia":[{"embeddable":true,"href":"https:\/\/portal.fgeo.gob.mx\/index.php\/wp-json\/"}],"wp:attachment":[{"href":"https:\/\/portal.fgeo.gob.mx\/index.php\/wp-json\/wp\/v2\/media?parent=16041"}],"wp:term":[{"taxonomy":"post_tag","embeddable":true,"href":"https:\/\/portal.fgeo.gob.mx\/index.php\/wp-json\/wp\/v2\/tags?post=16041"},{"taxonomy":"categoria_noticias","embeddable":true,"href":"https:\/\/portal.fgeo.gob.mx\/index.php\/wp-json\/wp\/v2\/categoria_noticias?post=16041"}],"curies":[{"name":"wp","href":"https:\/\/api.w.org\/{rel}","templated":true}]}}