{"id":16039,"date":"2024-04-03T15:16:48","date_gmt":"2024-04-03T21:16:48","guid":{"rendered":"https:\/\/fge.oaxaca.gob.mx\/?post_type=noticias&amp;p=5949"},"modified":"2024-04-03T15:16:48","modified_gmt":"2024-04-03T21:16:48","slug":"boletin-660-en-prision-y-vinculado-a-proceso-queda-imputado-por-los-delitos-de-violencia-familiar-y-trata-de-personas-fgeo","status":"publish","type":"noticias","link":"https:\/\/portal.fgeo.gob.mx\/index.php\/archivos\/noticias\/boletin-660-en-prision-y-vinculado-a-proceso-queda-imputado-por-los-delitos-de-violencia-familiar-y-trata-de-personas-fgeo","title":{"rendered":"BOLET\u00cdN 660.- En prisi\u00f3n y vinculado a proceso, queda imputado por los delitos de violencia familiar y trata de personas: FGEO"},"content":{"rendered":"<p><strong>Oaxaca de Ju\u00e1rez, Oax., a 3 de abril de 2024.-<\/strong> La Fiscal\u00eda General del Estado de Oaxaca logr\u00f3 vincular a proceso a una persona del sexo masculino identificada como J.M.P., por los delitos de violencia familia y trata de personas, hechos ocurridos en la regi\u00f3n de la Costa.<\/p>\n<p>De acuerdo con el expediente penal, los hechos ocurrieron entre el seis de diciembre de 2020 y octubre de 2021, debido a que la v\u00edctima identificada como M.H.M., fue obligada a sostener relaciones sexuales con distintas personas, adem\u00e1s de ser objeto de agresiones f\u00edsicas.<\/p>\n<p>Luego de recibir la denuncia por estos hechos, la Fiscal\u00eda General del Estado -a trav\u00e9s de la Vicefiscal\u00eda Regional de la Costa- inici\u00f3 la investigaci\u00f3n al respecto, lo que permiti\u00f3 obtener y ejecutar la orden de aprehensi\u00f3n en contra del imputado J.M.P., quien fue llevado ante el Juez de la causa.<\/p>\n<p>Tras validar los datos de prueba proporcionados por la FGEO, el Juez determin\u00f3 vincular a proceso a J.M.P., a quien impuso la medida de prisi\u00f3n preventiva y otorg\u00f3 un mes para el cierre de la investigaci\u00f3n.<\/p>\n","protected":false},"author":2,"featured_media":5938,"comment_status":"closed","ping_status":"closed","template":"","tags":[],"categoria_noticias":[],"class_list":["post-16039","noticias","type-noticias","status-publish","has-post-thumbnail","hentry"],"acf":[],"mb":[],"mfb_rest_fields":["title","gutenberg_elementor_mode"],"_links":{"self":[{"href":"https:\/\/portal.fgeo.gob.mx\/index.php\/wp-json\/wp\/v2\/noticias\/16039","targetHints":{"allow":["GET"]}}],"collection":[{"href":"https:\/\/portal.fgeo.gob.mx\/index.php\/wp-json\/wp\/v2\/noticias"}],"about":[{"href":"https:\/\/portal.fgeo.gob.mx\/index.php\/wp-json\/wp\/v2\/types\/noticias"}],"author":[{"embeddable":true,"href":"https:\/\/portal.fgeo.gob.mx\/index.php\/wp-json\/wp\/v2\/users\/2"}],"replies":[{"embeddable":true,"href":"https:\/\/portal.fgeo.gob.mx\/index.php\/wp-json\/wp\/v2\/comments?post=16039"}],"wp:featuredmedia":[{"embeddable":true,"href":"https:\/\/portal.fgeo.gob.mx\/index.php\/wp-json\/"}],"wp:attachment":[{"href":"https:\/\/portal.fgeo.gob.mx\/index.php\/wp-json\/wp\/v2\/media?parent=16039"}],"wp:term":[{"taxonomy":"post_tag","embeddable":true,"href":"https:\/\/portal.fgeo.gob.mx\/index.php\/wp-json\/wp\/v2\/tags?post=16039"},{"taxonomy":"categoria_noticias","embeddable":true,"href":"https:\/\/portal.fgeo.gob.mx\/index.php\/wp-json\/wp\/v2\/categoria_noticias?post=16039"}],"curies":[{"name":"wp","href":"https:\/\/api.w.org\/{rel}","templated":true}]}}