{"id":16038,"date":"2024-04-03T13:44:28","date_gmt":"2024-04-03T19:44:28","guid":{"rendered":"https:\/\/fge.oaxaca.gob.mx\/?post_type=noticias&amp;p=5948"},"modified":"2024-04-03T13:44:28","modified_gmt":"2024-04-03T19:44:28","slug":"boletin-659-sentencia-de-54-anos-de-prision-obtiene-fiscalia-de-oaxaca-en-contra-de-responsable-de-homicidio-calificado-con-ventaja","status":"publish","type":"noticias","link":"https:\/\/portal.fgeo.gob.mx\/index.php\/archivos\/noticias\/boletin-659-sentencia-de-54-anos-de-prision-obtiene-fiscalia-de-oaxaca-en-contra-de-responsable-de-homicidio-calificado-con-ventaja","title":{"rendered":"BOLET\u00cdN 659.- Sentencia de 54 a\u00f1os de prisi\u00f3n, obtiene Fiscal\u00eda de Oaxaca en contra de responsable de homicidio calificado con ventaja"},"content":{"rendered":"<p><strong>Oaxaca de Ju\u00e1rez, Oax., a 3 de abril de 2024.-<\/strong> La Fiscal\u00eda General del Estado de Oaxaca obtuvo una sentencia de 54 a\u00f1os en contra de M.E.B.A. por los delitos de homicidio calificado con ventaja y tentativa de homicidio calificado con ventaja, hechos ocurridos en la regi\u00f3n de Valles Centrales.<\/p>\n<p>De acuerdo con el expediente penal, los hechos ocurrieron el 21 de septiembre de 2019, cuando las v\u00edctimas -identificadas como D.C.S. y J.Y.M.N.- caminaban sobre el camino antiguo al aeropuerto donde se encontraron de frente con un veh\u00edculo en el que viajaba el imputado, el cual les cerr\u00f3 el paso para despu\u00e9s agredirlos con un arma corto contundente (machete), por lo que en el lugar perdi\u00f3 la vida D.C.S, mientras que J.Y.M.N. result\u00f3 herido.<\/p>\n<p>Ante estos hechos, la Fiscal\u00eda General del Estado de Oaxaca -a trav\u00e9s de la Fiscal\u00eda Especializada en Delitos de Alto Impacto- realiz\u00f3 las investigaciones que permitieron aprender y presentar ante el Juez de la causa al imputado M.E.B.A.<\/p>\n<p>La FGEO present\u00f3 los datos de prueba ante el Juez de la causa, quien despu\u00e9s de analizarlos y evaluarlos, determin\u00f3 dictar sentencia condenatoria en contra de M.E.B.A. quien recibi\u00f3 una pena de 54 a\u00f1os de prisi\u00f3n por su responsabilidad en la comisi\u00f3n del delito de homicidio calificado y tentativa de homicidio, adem\u00e1s que tendr\u00e1 que pagar m\u00e1s de 422 mil pesos por concepto de reparaci\u00f3n del da\u00f1o.<\/p>\n<p>La Fiscal\u00eda de Oaxaca est\u00e1 comprometida con la investigaci\u00f3n de delitos de alto impacto para lo cual aplica protocolos y t\u00e9cnicas cient\u00edficas en las investigaciones de cr\u00edmenes, las cuales permiten brindar certeza en los trabajos de procuraci\u00f3n de justicia.<\/p>\n<p>&nbsp;<\/p>\n","protected":false},"author":2,"featured_media":5938,"comment_status":"closed","ping_status":"closed","template":"","tags":[],"categoria_noticias":[],"class_list":["post-16038","noticias","type-noticias","status-publish","has-post-thumbnail","hentry"],"acf":[],"mb":[],"mfb_rest_fields":["title","gutenberg_elementor_mode"],"_links":{"self":[{"href":"https:\/\/portal.fgeo.gob.mx\/index.php\/wp-json\/wp\/v2\/noticias\/16038","targetHints":{"allow":["GET"]}}],"collection":[{"href":"https:\/\/portal.fgeo.gob.mx\/index.php\/wp-json\/wp\/v2\/noticias"}],"about":[{"href":"https:\/\/portal.fgeo.gob.mx\/index.php\/wp-json\/wp\/v2\/types\/noticias"}],"author":[{"embeddable":true,"href":"https:\/\/portal.fgeo.gob.mx\/index.php\/wp-json\/wp\/v2\/users\/2"}],"replies":[{"embeddable":true,"href":"https:\/\/portal.fgeo.gob.mx\/index.php\/wp-json\/wp\/v2\/comments?post=16038"}],"wp:featuredmedia":[{"embeddable":true,"href":"https:\/\/portal.fgeo.gob.mx\/index.php\/wp-json\/"}],"wp:attachment":[{"href":"https:\/\/portal.fgeo.gob.mx\/index.php\/wp-json\/wp\/v2\/media?parent=16038"}],"wp:term":[{"taxonomy":"post_tag","embeddable":true,"href":"https:\/\/portal.fgeo.gob.mx\/index.php\/wp-json\/wp\/v2\/tags?post=16038"},{"taxonomy":"categoria_noticias","embeddable":true,"href":"https:\/\/portal.fgeo.gob.mx\/index.php\/wp-json\/wp\/v2\/categoria_noticias?post=16038"}],"curies":[{"name":"wp","href":"https:\/\/api.w.org\/{rel}","templated":true}]}}