{"id":16037,"date":"2024-04-02T16:55:06","date_gmt":"2024-04-02T22:55:06","guid":{"rendered":"https:\/\/fge.oaxaca.gob.mx\/?post_type=noticias&amp;p=5944"},"modified":"2024-04-02T16:55:06","modified_gmt":"2024-04-02T22:55:06","slug":"boletin-658-atender-casos-de-mujeres-desaparecidas-o-no-localizadas-requiere-eficaz-colaboracion-interinstitucional-rodriguez-alamilla","status":"publish","type":"noticias","link":"https:\/\/portal.fgeo.gob.mx\/index.php\/archivos\/noticias\/boletin-658-atender-casos-de-mujeres-desaparecidas-o-no-localizadas-requiere-eficaz-colaboracion-interinstitucional-rodriguez-alamilla","title":{"rendered":"BOLET\u00cdN 658 &#8211; Atender casos de mujeres desaparecidas o no localizadas requiere eficaz colaboraci\u00f3n interinstitucional: Rodr\u00edguez Alamilla"},"content":{"rendered":"<p><em>* Se instala Comit\u00e9 T\u00e9cnico de Colaboraci\u00f3n del Protocolo Alba para hacer m\u00e1s eficientes las labores y procesos de b\u00fasqueda de personas, principalmente de ni\u00f1as, ni\u00f1os, adolescentes y mujeres<\/em><\/p>\n<p><strong>Oaxaca de Ju\u00e1rez, Oax., a 02 abril de 2024.-<\/strong> \u00a0Al presidir la sesi\u00f3n de instalaci\u00f3n del Comit\u00e9 T\u00e9cnico de Colaboraci\u00f3n del Protocolo Alba, el Fiscal General del Estado de Oaxaca, Bernardo Rodr\u00edguez Alamilla, dijo que se requiere atender con mayor eficacia los casos de mujeres, desaparecidas y no Localizadas; para lograrlo se requiere de una amplia colaboraci\u00f3n interinstitucional que se logra a trav\u00e9s de los trabajos de las diferentes \u00e1reas de gobierno y la sociedad civil que se agrupan en este comit\u00e9.<\/p>\n<p>Durante la sesi\u00f3n, Rodr\u00edguez Alamilla explic\u00f3 que este Comit\u00e9 tiene el objetivo de construir mecanismos que permitan establecer estrategias de colaboraci\u00f3n entre diferentes instituciones para el mejoramiento de los procesos de b\u00fasqueda de mujeres desaparecidas o no localizadas, por ello, es necesario contar con protocolos de actuaci\u00f3n con perspectiva de g\u00e9nero e intercultural para brindar una atenci\u00f3n diferenciada y espec\u00edfica para cada caso, por lo que se realiz\u00f3 la presentaci\u00f3n del proyecto del protocolo de actuaci\u00f3n.<\/p>\n<p><img fetchpriority=\"high\" decoding=\"async\" class=\"alignnone size-medium wp-image-5945\" src=\"https:\/\/portal.fgeo.gob.mx\/wp-content\/uploads\/2024\/04\/BOLET%C3%8DN-658-Atender-casos-de-mujeres-desaparecidas-o-no-localizadas-requiere-eficaz-colaboraci%C3%B3n-interinstitucional-Rodr%C3%ADguez-Alamilla-300x185.jpeg\" alt=\"\" width=\"300\" height=\"185\" \/><\/p>\n<p>El Fiscal de Oaxaca agreg\u00f3 que, por medio de esta propuesta de protocolo, se busca construir una herramienta que sirva a las diferentes instancias que forman el Comit\u00e9 para atender este fen\u00f3meno que est\u00e1 estrechamente relacionado con diversos factores y delitos, por lo que requiere del conocimiento multidisciplinario especializado de las diferentes instancias que colaboran.<\/p>\n<p>Durante la\u00a0 sesi\u00f3n de instalaci\u00f3n del Comit\u00e9 T\u00e9cnico de Colaboraci\u00f3n del Protocolo Alba, el Fiscal de Oaxaca, Bernardo Rodr\u00edguez Alamilla, tom\u00f3 protesta a quienes lo integran: secretaria de Interculturalidad, Pueblos y Comunidades Ind\u00edgenas, Bertha Ruth Arreola:\u00a0\u00a0 la secretaria de Bienestar, Tequio e Inclusi\u00f3n, Luz Alejandra Hern\u00e1ndez Rojas; el consejero Jur\u00eddico, Geovanny V\u00e1squez Sagrero; la titular de la Coordinaci\u00f3n para la Atenci\u00f3n a los Derechos Humanos del Gobierno del Estado, Flor Estela Morales Hern\u00e1ndez; la comisionada de B\u00fasqueda, Michel Juli\u00e1n; el titular de la Comisi\u00f3n Estatal de Atenci\u00f3n a V\u00edctimas, H\u00e9ctor Vila Ortiz; y la defensora de los Derechos Humanos del Pueblo de Oaxaca, Elizabeth Lara Rodr\u00edguez.<\/p>\n<p>Adem\u00e1s de los representantes de la Secretar\u00eda de Gobierno, la Secretar\u00eda de Finanzas, la Secretar\u00eda de Seguridad y Protecci\u00f3n Ciudadana, la Secretar\u00eda de las Mujeres, la Secretar\u00eda de Salud, el Instituto Estatal de Educaci\u00f3n P\u00fablica de Oaxaca y del Sistema Estatal para el Desarrollo Integral de la Familia.<\/p>\n<p><img decoding=\"async\" class=\"alignnone size-medium wp-image-5946\" src=\"https:\/\/portal.fgeo.gob.mx\/wp-content\/uploads\/2024\/04\/BOLET%C3%8DN-658-Atender-casos-de-mujeres-desaparecidas-o-no-localizadas-requiere-eficaz-colaboraci%C3%B3n-interinstitucional-Rodr%C3%ADguez-Alamilla-2-300x200.jpeg\" alt=\"\" width=\"300\" height=\"200\" \/><\/p>\n<p>Al intervenir la titular de la Comisi\u00f3n Estatal de B\u00fasqueda, Michel Juli\u00e1n L\u00f3pez, explic\u00f3 el proyecto de Protocolo Alba, resalt\u00f3 que en la elaboraci\u00f3n se puso especial atenci\u00f3n a los procesos de atenci\u00f3n dentro de las primeras 24 horas desde el reporte de la desaparici\u00f3n o no localizaci\u00f3n de una mujer, pues, es necesario conjuntar esfuerzos durante este primer periodo de tiempo, ya que es cuando mayores posibilidades de \u00e9xito se tienen para dar con su paradero.<\/p>\n<p>Mientras que, la titular de la Coordinaci\u00f3n para la Atenci\u00f3n a los Derechos Humanos, Flor Estela Morales Hern\u00e1ndez, indic\u00f3 que, en forma paralela a la construcci\u00f3n de la propuesta del Protocolo Alba, se presentar\u00e1 una propuesta de reforma de ley al art\u00edculo 31 de la Ley General de las Mujeres a una Vida Libre de Violencia para que dentro del comit\u00e9 se incluya formalmente a la Comisi\u00f3n Estatal de B\u00fasqueda, as\u00ed como a la CADH.<\/p>\n<p><img decoding=\"async\" class=\"alignnone size-medium wp-image-5947\" src=\"https:\/\/portal.fgeo.gob.mx\/wp-content\/uploads\/2024\/04\/BOLET%C3%8DN-658-Atender-casos-de-mujeres-desaparecidas-o-no-localizadas-requiere-eficaz-colaboraci%C3%B3n-interinstitucional-Rodr%C3%ADguez-Alamilla-3-300x200.jpeg\" alt=\"\" width=\"300\" height=\"200\" \/><\/p>\n<p>&nbsp;<\/p>\n","protected":false},"author":2,"featured_media":5938,"comment_status":"closed","ping_status":"closed","template":"","tags":[],"categoria_noticias":[],"class_list":["post-16037","noticias","type-noticias","status-publish","has-post-thumbnail","hentry"],"acf":[],"mb":[],"mfb_rest_fields":["title","gutenberg_elementor_mode"],"_links":{"self":[{"href":"https:\/\/portal.fgeo.gob.mx\/index.php\/wp-json\/wp\/v2\/noticias\/16037","targetHints":{"allow":["GET"]}}],"collection":[{"href":"https:\/\/portal.fgeo.gob.mx\/index.php\/wp-json\/wp\/v2\/noticias"}],"about":[{"href":"https:\/\/portal.fgeo.gob.mx\/index.php\/wp-json\/wp\/v2\/types\/noticias"}],"author":[{"embeddable":true,"href":"https:\/\/portal.fgeo.gob.mx\/index.php\/wp-json\/wp\/v2\/users\/2"}],"replies":[{"embeddable":true,"href":"https:\/\/portal.fgeo.gob.mx\/index.php\/wp-json\/wp\/v2\/comments?post=16037"}],"wp:featuredmedia":[{"embeddable":true,"href":"https:\/\/portal.fgeo.gob.mx\/index.php\/wp-json\/"}],"wp:attachment":[{"href":"https:\/\/portal.fgeo.gob.mx\/index.php\/wp-json\/wp\/v2\/media?parent=16037"}],"wp:term":[{"taxonomy":"post_tag","embeddable":true,"href":"https:\/\/portal.fgeo.gob.mx\/index.php\/wp-json\/wp\/v2\/tags?post=16037"},{"taxonomy":"categoria_noticias","embeddable":true,"href":"https:\/\/portal.fgeo.gob.mx\/index.php\/wp-json\/wp\/v2\/categoria_noticias?post=16037"}],"curies":[{"name":"wp","href":"https:\/\/api.w.org\/{rel}","templated":true}]}}