{"id":16034,"date":"2024-04-01T13:57:17","date_gmt":"2024-04-01T19:57:17","guid":{"rendered":"https:\/\/fge.oaxaca.gob.mx\/?post_type=noticias&amp;p=5936"},"modified":"2024-04-01T13:57:17","modified_gmt":"2024-04-01T19:57:17","slug":"boletin-655-fiscalia-de-oaxaca-obtiene-vinculacion-a-proceso-y-prision-en-contra-de-una-persona-por-el-homicidio-de-una-mujer-italiana-y-un-hombre-cometidos-en-ocotlan-de-morelos","status":"publish","type":"noticias","link":"https:\/\/portal.fgeo.gob.mx\/index.php\/archivos\/noticias\/boletin-655-fiscalia-de-oaxaca-obtiene-vinculacion-a-proceso-y-prision-en-contra-de-una-persona-por-el-homicidio-de-una-mujer-italiana-y-un-hombre-cometidos-en-ocotlan-de-morelos","title":{"rendered":"BOLET\u00cdN 655.-  Fiscal\u00eda de Oaxaca obtiene vinculaci\u00f3n a proceso y prisi\u00f3n en contra de una persona por el homicidio de una mujer Italiana y un hombre, cometidos en Ocotl\u00e1n de Morelos"},"content":{"rendered":"<p><strong>Oaxaca de Ju\u00e1rez, Oax., a 1 de abril de 2024.-<\/strong> Los trabajos de inteligencia criminal hicieron posible que la Fiscal\u00eda General del Estado de Oaxaca (FGEO) obtuviera auto de vinculaci\u00f3n a proceso y prisi\u00f3n preventiva -luego de la ejecuci\u00f3n de una orden de aprehensi\u00f3n- en contra de una persona del sexo masculino identificada como M.L.A., por el delito de Homicidio Calificado cometido en agravio de dos personas, una de ellas es una mujer originaria de Italia, de nombre P.C., mientras que la segunda v\u00edctima es un sujeto del sexo masculino llamado J.J.V.R., hechos ocurridos en la regi\u00f3n de los Valles Centrales.<\/p>\n<p>De acuerdo con lo asentado en el expediente penal, los hechos sucedieron el 27 de enero de 2024, cuando las v\u00edctimas -una mujer y un hombre- se encontraban en el interior de un local comercial localizado en la calle de Benito Ju\u00e1rez del centro de Ocotl\u00e1n de Morelos.<\/p>\n<p>Al sitio arribaron varias personas armadas quienes dispararon contra las dos v\u00edctimas, a quienes infligieron lesiones que les provocaron la muerte.<\/p>\n<p>Ante los hechos, la Fiscal\u00eda de Oaxaca tom\u00f3 conocimiento para iniciar las investigaciones correspondientes a trav\u00e9s de la Vicefiscal\u00eda de Valles Centrales, que present\u00f3 ante el Juez los resultados preliminares de las indagatorias, gracias a los cuales se otorg\u00f3 una orden de aprehensi\u00f3n.<\/p>\n<p>Tras realizar labores de inteligencia, elementos de la Agencia Estatal de Investigaciones (AEI) localizaron y dieron cumplimiento al mandato judicial por el cual fue posible la detenci\u00f3n de M.L.A., por el delito de Homicidio Calificado, quien qued\u00f3 a disposici\u00f3n de la autoridad ministerial.<\/p>\n<p>Luego de evaluar los datos de prueba aportados por la FGEO, el Juez que atiende la causa dict\u00f3 auto de vinculaci\u00f3n a proceso en contra de M.L.A., adem\u00e1s que impuso prisi\u00f3n preventiva para el imputado por el doble homicidio cometido en Ocotl\u00e1n de Morelos.<\/p>\n<p>El uso de protocolos de investigaci\u00f3n y de t\u00e9cnicas de inteligencia, hacen posible que la Fiscal\u00eda de Oaxaca entregue resultados positivos en los procesos de procuraci\u00f3n de justicia en casos de delitos de alto impacto.<\/p>\n<p><img fetchpriority=\"high\" decoding=\"async\" class=\"alignnone size-medium wp-image-5937\" src=\"https:\/\/portal.fgeo.gob.mx\/wp-content\/uploads\/2024\/04\/Fiscal%C3%ADa-de-Oaxaca-obtiene-vinculaci%C3%B3n-a-proceso-y-prisi%C3%B3n-en-contra-de-una-persona-por-el-homicidio-de-una-mujer-Italiana-y-un-hombre-cometidos-en-Ocotl%C3%A1n-de-Morelos-225x300.jpeg\" alt=\"\" width=\"225\" height=\"300\" \/><\/p>\n","protected":false},"author":2,"featured_media":5938,"comment_status":"closed","ping_status":"closed","template":"","tags":[],"categoria_noticias":[],"class_list":["post-16034","noticias","type-noticias","status-publish","has-post-thumbnail","hentry"],"acf":[],"mb":[],"mfb_rest_fields":["title","gutenberg_elementor_mode"],"_links":{"self":[{"href":"https:\/\/portal.fgeo.gob.mx\/index.php\/wp-json\/wp\/v2\/noticias\/16034","targetHints":{"allow":["GET"]}}],"collection":[{"href":"https:\/\/portal.fgeo.gob.mx\/index.php\/wp-json\/wp\/v2\/noticias"}],"about":[{"href":"https:\/\/portal.fgeo.gob.mx\/index.php\/wp-json\/wp\/v2\/types\/noticias"}],"author":[{"embeddable":true,"href":"https:\/\/portal.fgeo.gob.mx\/index.php\/wp-json\/wp\/v2\/users\/2"}],"replies":[{"embeddable":true,"href":"https:\/\/portal.fgeo.gob.mx\/index.php\/wp-json\/wp\/v2\/comments?post=16034"}],"wp:featuredmedia":[{"embeddable":true,"href":"https:\/\/portal.fgeo.gob.mx\/index.php\/wp-json\/"}],"wp:attachment":[{"href":"https:\/\/portal.fgeo.gob.mx\/index.php\/wp-json\/wp\/v2\/media?parent=16034"}],"wp:term":[{"taxonomy":"post_tag","embeddable":true,"href":"https:\/\/portal.fgeo.gob.mx\/index.php\/wp-json\/wp\/v2\/tags?post=16034"},{"taxonomy":"categoria_noticias","embeddable":true,"href":"https:\/\/portal.fgeo.gob.mx\/index.php\/wp-json\/wp\/v2\/categoria_noticias?post=16034"}],"curies":[{"name":"wp","href":"https:\/\/api.w.org\/{rel}","templated":true}]}}