{"id":16028,"date":"2024-03-27T12:18:11","date_gmt":"2024-03-27T18:18:11","guid":{"rendered":"https:\/\/fge.oaxaca.gob.mx\/?post_type=noticias&amp;p=5923"},"modified":"2024-03-27T12:18:11","modified_gmt":"2024-03-27T18:18:11","slug":"boletin-648-fiscalia-de-oaxaca-obtiene-vinculacion-a-proceso-y-prision-contra-tres-imputados-por-homicidio-de-excomisionado-de-la-policia-estatal-cometido-en-el-istmo-de-tehuantepec","status":"publish","type":"noticias","link":"https:\/\/portal.fgeo.gob.mx\/index.php\/archivos\/noticias\/boletin-648-fiscalia-de-oaxaca-obtiene-vinculacion-a-proceso-y-prision-contra-tres-imputados-por-homicidio-de-excomisionado-de-la-policia-estatal-cometido-en-el-istmo-de-tehuantepec","title":{"rendered":"BOLET\u00cdN 648.- Fiscal\u00eda de Oaxaca obtiene vinculaci\u00f3n a proceso y prisi\u00f3n contra tres imputados por homicidio de excomisionado de la Polic\u00eda Estatal, cometido en el Istmo de Tehuantepec"},"content":{"rendered":"<ul>\n<li style=\"font-weight: 400\"><em>Se logr\u00f3 establecer que dos de las personas bajo proceso penal, podr\u00edan tener responsabilidad por la autor\u00eda intelectual del delito<\/em><\/li>\n<\/ul>\n<p style=\"font-weight: 400\"><strong>\u00a0<\/strong><strong>Oaxaca de Ju\u00e1rez, Oax., a 26 de marzo de 2024.-\u00a0<\/strong>La Fiscal\u00eda General del Estado de Oaxaca (FGEO) obtuvo auto de vinculaci\u00f3n a proceso en contra de tres personas identificadas por las iniciales O. M. M. (mujer), E. M. M. alias \u201cEl Cora&#8221; y J. M. G. G., imputadas por el homicidio del ex comisionado de la Polic\u00eda Estatal y actual director de la Polic\u00eda Municipal de Santo Domingo Petapa, en la regi\u00f3n del Istmo de Tehuantepec.<\/p>\n<p style=\"font-weight: 400\">\u00a0De acuerdo con el expediente penal del caso, los hechos sucedieron el 17 de marzo de 2024, en el camino de terracer\u00eda que conduce hacia el paraje conocido como las Golondrinas en Santo Domingo Petapa, lugar en donde fue encontrado el cuerpo sin vida de una persona del sexo masculino identificado como J.R.L., quien se desempe\u00f1aba como director de la Polic\u00eda Municipal, lugar en donde localizaron casquillos percutidos de arma de fuego.<\/p>\n<p style=\"font-weight: 400\">\n<p style=\"font-weight: 400\">\u00a0Como parte de las investigaciones que realiza la FGEO, a trav\u00e9s de la Vicefiscal\u00eda Regional del Istmo, se logr\u00f3 establecer que dos de las personas detenidas podr\u00edan tener responsabilidad como autores materiales, mientras que la tercera persona imputada podr\u00eda tener responsabilidad en la ejecuci\u00f3n de la v\u00edctima.<\/p>\n<p style=\"font-weight: 400\">\u00a0Derivado de las labores ministeriales, la Fiscal\u00eda present\u00f3 datos de prueba ante el Juez que atiende la causa, quien luego de evaluarlos, dict\u00f3 auto de vinculaci\u00f3n a proceso en contra de O. M. M. (mujer) y E. M. M. alias \u201cEl Cora&#8221;, quienes eran polic\u00edas municipales activos de Santa Mar\u00eda Petapa, al igual que contra J. M. G. G., a los tres imputados les impusieron la medida cautelar de prisi\u00f3n preventiva y se otorgaron tres meses para el cierre de la investigaci\u00f3n complementaria.<\/p>\n<p style=\"font-weight: 400\"><img fetchpriority=\"high\" decoding=\"async\" class=\"alignnone size-medium wp-image-5927\" src=\"https:\/\/portal.fgeo.gob.mx\/wp-content\/uploads\/2024\/03\/petapa1-225x300.jpeg\" alt=\"\" width=\"225\" height=\"300\" \/><img decoding=\"async\" class=\"alignnone size-medium wp-image-5926\" src=\"https:\/\/portal.fgeo.gob.mx\/wp-content\/uploads\/2024\/03\/petapa-225x300.jpeg\" alt=\"\" width=\"225\" height=\"300\" \/><img decoding=\"async\" class=\"alignnone size-medium wp-image-5925\" src=\"https:\/\/portal.fgeo.gob.mx\/wp-content\/uploads\/2024\/03\/petapa2-225x300.jpeg\" alt=\"\" width=\"225\" height=\"300\" \/><img loading=\"lazy\" decoding=\"async\" class=\"alignnone size-medium wp-image-5924\" src=\"https:\/\/portal.fgeo.gob.mx\/wp-content\/uploads\/2024\/03\/petapa3-225x300.jpeg\" alt=\"\" width=\"225\" height=\"300\" \/><\/p>\n","protected":false},"author":2,"featured_media":5913,"comment_status":"closed","ping_status":"closed","template":"","tags":[],"categoria_noticias":[],"class_list":["post-16028","noticias","type-noticias","status-publish","has-post-thumbnail","hentry"],"acf":[],"mb":[],"mfb_rest_fields":["title","gutenberg_elementor_mode"],"_links":{"self":[{"href":"https:\/\/portal.fgeo.gob.mx\/index.php\/wp-json\/wp\/v2\/noticias\/16028","targetHints":{"allow":["GET"]}}],"collection":[{"href":"https:\/\/portal.fgeo.gob.mx\/index.php\/wp-json\/wp\/v2\/noticias"}],"about":[{"href":"https:\/\/portal.fgeo.gob.mx\/index.php\/wp-json\/wp\/v2\/types\/noticias"}],"author":[{"embeddable":true,"href":"https:\/\/portal.fgeo.gob.mx\/index.php\/wp-json\/wp\/v2\/users\/2"}],"replies":[{"embeddable":true,"href":"https:\/\/portal.fgeo.gob.mx\/index.php\/wp-json\/wp\/v2\/comments?post=16028"}],"wp:featuredmedia":[{"embeddable":true,"href":"https:\/\/portal.fgeo.gob.mx\/index.php\/wp-json\/"}],"wp:attachment":[{"href":"https:\/\/portal.fgeo.gob.mx\/index.php\/wp-json\/wp\/v2\/media?parent=16028"}],"wp:term":[{"taxonomy":"post_tag","embeddable":true,"href":"https:\/\/portal.fgeo.gob.mx\/index.php\/wp-json\/wp\/v2\/tags?post=16028"},{"taxonomy":"categoria_noticias","embeddable":true,"href":"https:\/\/portal.fgeo.gob.mx\/index.php\/wp-json\/wp\/v2\/categoria_noticias?post=16028"}],"curies":[{"name":"wp","href":"https:\/\/api.w.org\/{rel}","templated":true}]}}