{"id":16027,"date":"2024-03-27T12:15:20","date_gmt":"2024-03-27T18:15:20","guid":{"rendered":"https:\/\/fge.oaxaca.gob.mx\/?post_type=noticias&amp;p=5919"},"modified":"2024-03-27T12:15:20","modified_gmt":"2024-03-27T18:15:20","slug":"boletin-647-arranca-programa-de-proximidad-social-fiscalia-en-tu-comunidad-en-san-pedro-y-san-pablo-ayutla","status":"publish","type":"noticias","link":"https:\/\/portal.fgeo.gob.mx\/index.php\/archivos\/noticias\/boletin-647-arranca-programa-de-proximidad-social-fiscalia-en-tu-comunidad-en-san-pedro-y-san-pablo-ayutla","title":{"rendered":"BOLET\u00cdN 647.- Arranca programa de proximidad social \u201cFiscal\u00eda en tu comunidad\u201d en San Pedro y San Pablo Ayutla"},"content":{"rendered":"<ul>\n<li style=\"font-weight: 400\"><em>Servicios de atenci\u00f3n integral y capacitaci\u00f3n a autoridades municipales, se brindan directamente en las comunidades<\/em><\/li>\n<\/ul>\n<p style=\"font-weight: 400\"><strong>Oaxaca de Ju\u00e1rez, Oax., a 26 de marzo de 2024.-\u00a0<\/strong>Al inaugurar el programa de proximidad social denominado \u201cFiscal\u00eda en tu comunidad\u201d, el Fiscal General del Estado de Oaxaca, Bernardo Rodr\u00edguez Alamilla, dijo que por medio de estas acciones buscan acercar los servicios del organismo procurador de justicia a la poblaci\u00f3n de las diferentes comunidades, generar los v\u00ednculos de confianza y cercan\u00eda con la ciudadan\u00eda, como parte de una estrategia integral y multidimensional para la prevenci\u00f3n del delito as\u00ed como incentivar la denuncia.<\/p>\n<p style=\"font-weight: 400\"><img fetchpriority=\"high\" decoding=\"async\" class=\"alignnone size-medium wp-image-5920\" src=\"https:\/\/portal.fgeo.gob.mx\/wp-content\/uploads\/2024\/03\/AYUTLA1-300x200.jpeg\" alt=\"\" width=\"300\" height=\"200\" \/><\/p>\n<p style=\"font-weight: 400\">\u00a0Acompa\u00f1ado por la presidenta municipal de San Pedro y San Pablo Ayutla, Mixes Minerva Galv\u00e1n Mart\u00ednez; as\u00ed como el representante de la Mesa T\u00e9cnica de Seguridad de la Secretar\u00eda de Seguridad P\u00fablica y Protecci\u00f3n Ciudadana, Hegor Manuel Mart\u00ednez L\u00f3pez; el Fiscal reiter\u00f3 que la cercan\u00eda y accesibilidad a los servicios es la herramienta para recuperar la confianza de la poblaci\u00f3n y, para lograrlo, se requiere de trabajar en colaboraci\u00f3n con autoridades municipales.<\/p>\n<p style=\"font-weight: 400\">\u00a0Agreg\u00f3 que, por medio de este programa, se impulsar\u00e1n actividades de formaci\u00f3n de autoridades municipales en materia de atenci\u00f3n a temas como violencia en contra de mujeres, ni\u00f1as, ni\u00f1os y adolescentes; adem\u00e1s que se pone un especial \u00e9nfasis en la prevenci\u00f3n del delito, con el objetivo de reforzar el tejido social.<\/p>\n<p style=\"font-weight: 400\"><img decoding=\"async\" class=\"alignnone size-medium wp-image-5921\" src=\"https:\/\/portal.fgeo.gob.mx\/wp-content\/uploads\/2024\/03\/AYUTLA2-300x192.jpeg\" alt=\"\" width=\"300\" height=\"192\" \/><\/p>\n<p style=\"font-weight: 400\">\u00a0Durante la actividad, tambi\u00e9n participaron autoridades de los municipios de San Miguel Quetzaltepec, Santa Mar\u00eda Tlahuitoltepec, Tamazulapam del Esp\u00edritu Santo, Totontepec Villa de Morelos, San Sebasti\u00e1n Abasolo, Santo Domingo Tepuxtepec, y representantes de las agencias: Cerro Amole, Cerro Pel\u00f3n, Las Pe\u00f1as, Monterosa y Duraznal.<\/p>\n<p style=\"font-weight: 400\">\u00a0Al intervenir la presidenta municipal de San Pedro y San Pablo Ayutla, Minerva Galv\u00e1n Mart\u00ednez, dijo que acercar la informaci\u00f3n y servicios de la Fiscal\u00eda de Oaxaca, les permite, a ellos como autoridades, tener herramientas para saber c\u00f3mo actuar en casos relacionados con delitos, adem\u00e1s de que les ayuda para brindar\u00a0 una adecuada orientaci\u00f3n a los pobladores de las comunidades.<\/p>\n<p style=\"font-weight: 400\">\u00a0El programa \u201cFiscal\u00eda en tu comunidad\u201d tiene el objetivo de acercar a la poblaci\u00f3n los servicios del organismo procurador de justicia y brindar informaci\u00f3n de prevenci\u00f3n del delito, as\u00ed como a trav\u00e9s de un m\u00f3dulo de atenci\u00f3n y seguimiento a denuncias.<\/p>\n<p style=\"font-weight: 400\">\u00a0La Fiscal\u00eda de Oaxaca brinda capacitaci\u00f3n continua en temas como Informe Policial Homologado y Primer Respondiente, Procesos de atenci\u00f3n del Centro de Justicia para Mujeres, as\u00ed como temas de prevenci\u00f3n del delito en adolescentes enfocado especialmente a su relaci\u00f3n con el consumo de alcohol y drogas, adem\u00e1s de prevenci\u00f3n del abuso sexual en ni\u00f1as, ni\u00f1os y adolescentes.<\/p>\n<p style=\"font-weight: 400\"><img decoding=\"async\" class=\"alignnone size-medium wp-image-5922\" src=\"https:\/\/portal.fgeo.gob.mx\/wp-content\/uploads\/2024\/03\/AYUTLA-300x178.jpeg\" alt=\"\" width=\"300\" height=\"178\" \/><\/p>\n","protected":false},"author":2,"featured_media":5913,"comment_status":"closed","ping_status":"closed","template":"","tags":[],"categoria_noticias":[],"class_list":["post-16027","noticias","type-noticias","status-publish","has-post-thumbnail","hentry"],"acf":[],"mb":[],"mfb_rest_fields":["title","gutenberg_elementor_mode"],"_links":{"self":[{"href":"https:\/\/portal.fgeo.gob.mx\/index.php\/wp-json\/wp\/v2\/noticias\/16027","targetHints":{"allow":["GET"]}}],"collection":[{"href":"https:\/\/portal.fgeo.gob.mx\/index.php\/wp-json\/wp\/v2\/noticias"}],"about":[{"href":"https:\/\/portal.fgeo.gob.mx\/index.php\/wp-json\/wp\/v2\/types\/noticias"}],"author":[{"embeddable":true,"href":"https:\/\/portal.fgeo.gob.mx\/index.php\/wp-json\/wp\/v2\/users\/2"}],"replies":[{"embeddable":true,"href":"https:\/\/portal.fgeo.gob.mx\/index.php\/wp-json\/wp\/v2\/comments?post=16027"}],"wp:featuredmedia":[{"embeddable":true,"href":"https:\/\/portal.fgeo.gob.mx\/index.php\/wp-json\/"}],"wp:attachment":[{"href":"https:\/\/portal.fgeo.gob.mx\/index.php\/wp-json\/wp\/v2\/media?parent=16027"}],"wp:term":[{"taxonomy":"post_tag","embeddable":true,"href":"https:\/\/portal.fgeo.gob.mx\/index.php\/wp-json\/wp\/v2\/tags?post=16027"},{"taxonomy":"categoria_noticias","embeddable":true,"href":"https:\/\/portal.fgeo.gob.mx\/index.php\/wp-json\/wp\/v2\/categoria_noticias?post=16027"}],"curies":[{"name":"wp","href":"https:\/\/api.w.org\/{rel}","templated":true}]}}