{"id":16026,"date":"2024-03-26T12:30:04","date_gmt":"2024-03-26T18:30:04","guid":{"rendered":"https:\/\/fge.oaxaca.gob.mx\/?post_type=noticias&amp;p=5918"},"modified":"2024-03-26T12:30:04","modified_gmt":"2024-03-26T18:30:04","slug":"boletin-646-obtiene-fiscalia-de-oaxaca-sentencia-condenatoria-contra-responsable-de-violencia-familiar-en-la-region-de-la-costa","status":"publish","type":"noticias","link":"https:\/\/portal.fgeo.gob.mx\/index.php\/archivos\/noticias\/boletin-646-obtiene-fiscalia-de-oaxaca-sentencia-condenatoria-contra-responsable-de-violencia-familiar-en-la-region-de-la-costa","title":{"rendered":"BOLET\u00cdN 646.- Obtiene Fiscal\u00eda de Oaxaca sentencia condenatoria contra responsable de Violencia Familiar, en la regi\u00f3n de la Costa"},"content":{"rendered":"<p><strong>Oaxaca de Ju\u00e1rez, Oax., a 26 de marzo de 2024.-<\/strong> La Fiscal\u00eda General del Estado de Oaxaca (FGEO) obtuvo Sentencia Condenatoria dictada en audiencia de debate, contra una persona del sexo masculino identificada como L.P.G., responsable del delito de Violencia Familiar, por hechos ocurridos en la regi\u00f3n de Costa.<\/p>\n<p>De acuerdo con la causa penal, los hechos ocurrieron el 29 de noviembre de 2022, cuando la v\u00edctima identificada como L.M.R.R., se encontraba en su domicilio, ubicado en el barrio de la Soledad, Bajos de Chila, jurisdicci\u00f3n de San Pedro Mixtepec, sitio al que lleg\u00f3 el imputado, quien la agredi\u00f3.<\/p>\n<p>Ante estos hechos, la FGEO inici\u00f3 una exhaustiva investigaci\u00f3n a trav\u00e9s de la Vicefiscal\u00eda Regional de la Costa, la cual permiti\u00f3 llevar al imputado ante el Juez, quien, en audiencia de debate, dict\u00f3 Sentencia Condenatoria en contra de L.P.G., por su responsabilidad en la comisi\u00f3n del delito de Violencia Familiar, imponiendo la pena de tres a\u00f1os de prisi\u00f3n, adem\u00e1s de una multa y el pago de la reparaci\u00f3n del da\u00f1o en abstracto.<\/p>\n<p>La Fiscal\u00eda General de Estado de Oaxaca realiza investigaciones multidisciplinarias y con perspectiva de g\u00e9nero, a fin de brindar a las v\u00edctimas directas e indirectas adecuados procesos de procuraci\u00f3n de justicia.<\/p>\n<p>&nbsp;<\/p>\n","protected":false},"author":2,"featured_media":5913,"comment_status":"closed","ping_status":"closed","template":"","tags":[],"categoria_noticias":[],"class_list":["post-16026","noticias","type-noticias","status-publish","has-post-thumbnail","hentry"],"acf":[],"mb":[],"mfb_rest_fields":["title","gutenberg_elementor_mode"],"_links":{"self":[{"href":"https:\/\/portal.fgeo.gob.mx\/index.php\/wp-json\/wp\/v2\/noticias\/16026","targetHints":{"allow":["GET"]}}],"collection":[{"href":"https:\/\/portal.fgeo.gob.mx\/index.php\/wp-json\/wp\/v2\/noticias"}],"about":[{"href":"https:\/\/portal.fgeo.gob.mx\/index.php\/wp-json\/wp\/v2\/types\/noticias"}],"author":[{"embeddable":true,"href":"https:\/\/portal.fgeo.gob.mx\/index.php\/wp-json\/wp\/v2\/users\/2"}],"replies":[{"embeddable":true,"href":"https:\/\/portal.fgeo.gob.mx\/index.php\/wp-json\/wp\/v2\/comments?post=16026"}],"wp:featuredmedia":[{"embeddable":true,"href":"https:\/\/portal.fgeo.gob.mx\/index.php\/wp-json\/"}],"wp:attachment":[{"href":"https:\/\/portal.fgeo.gob.mx\/index.php\/wp-json\/wp\/v2\/media?parent=16026"}],"wp:term":[{"taxonomy":"post_tag","embeddable":true,"href":"https:\/\/portal.fgeo.gob.mx\/index.php\/wp-json\/wp\/v2\/tags?post=16026"},{"taxonomy":"categoria_noticias","embeddable":true,"href":"https:\/\/portal.fgeo.gob.mx\/index.php\/wp-json\/wp\/v2\/categoria_noticias?post=16026"}],"curies":[{"name":"wp","href":"https:\/\/api.w.org\/{rel}","templated":true}]}}