{"id":16024,"date":"2024-03-26T07:31:45","date_gmt":"2024-03-26T13:31:45","guid":{"rendered":"https:\/\/fge.oaxaca.gob.mx\/?post_type=noticias&amp;p=5915"},"modified":"2024-03-26T07:31:45","modified_gmt":"2024-03-26T13:31:45","slug":"boletin-644-fiscalia-de-oaxaca-ejecuta-orden-de-aprehension-por-el-delito-de-violacion-en-agravio-de-una-adolescente-cometido-en-la-region-de-la-costa","status":"publish","type":"noticias","link":"https:\/\/portal.fgeo.gob.mx\/index.php\/archivos\/noticias\/boletin-644-fiscalia-de-oaxaca-ejecuta-orden-de-aprehension-por-el-delito-de-violacion-en-agravio-de-una-adolescente-cometido-en-la-region-de-la-costa","title":{"rendered":"BOLET\u00cdN 644.-  Fiscal\u00eda de Oaxaca ejecuta orden de aprehensi\u00f3n por el delito de Violaci\u00f3n en agravio de una adolescente, cometido en la regi\u00f3n de la Costa"},"content":{"rendered":"<p><strong>Oaxaca de Ju\u00e1rez, Oax., a 26 de marzo de 2024.-<\/strong> La Fiscal\u00eda General del Estado de Oaxaca (FGEO) ejecut\u00f3 una orden de aprehensi\u00f3n en contra de la persona del sexo masculino identificada por las iniciales A.M.L., por el delito de Violaci\u00f3n, cometido en agravio de una adolescente en la regi\u00f3n de la Costa.<\/p>\n<p>De acuerdo con la causa penal, los hechos ocurrieron el 23 de agosto de 2023, cuando la v\u00edctima (cuya identidad est\u00e1 reservada por ley al ser menor de edad) acudi\u00f3 a un local localizado en el centro de la poblaci\u00f3n de San Jos\u00e9 Chacalapa, jurisdicci\u00f3n de San Pedro Pochutla, sitio en el que fue agredida de manera sexual.<\/p>\n<p>Ante estos hechos, la Fiscal\u00eda de Oaxaca inici\u00f3 la carpeta para realizar las investigaciones al respecto, derivadas de las que, el Juez que atiende la causa liber\u00f3 una orden de aprehensi\u00f3n, la cual fue ejecutada por elementos de la Agencia Estatal de Investigaciones (AEI) adscritos a la Comandancia de Pochutla.<\/p>\n<p>Tras la detenci\u00f3n de A.M.L., fue puesto a disposici\u00f3n ante la autoridad judicial que lo requiri\u00f3, quien determinar\u00e1 su situaci\u00f3n jur\u00eddica.<\/p>\n<p>La investigaci\u00f3n expedita de agresiones sexuales contra ni\u00f1as, ni\u00f1os, adolescentes y mujeres es parte de la agenda de combate a delitos por raz\u00f3n de g\u00e9nero que prioriza la Fiscal\u00eda General del Estado de Oaxaca con el objetivo de erradicar este tipo de conductas.<\/p>\n<p>&nbsp;<\/p>\n<p>&nbsp;<\/p>\n<p>&nbsp;<\/p>\n<p>&nbsp;<\/p>\n<p>&nbsp;<\/p>\n<p>&nbsp;<\/p>\n","protected":false},"author":2,"featured_media":5913,"comment_status":"closed","ping_status":"closed","template":"","tags":[],"categoria_noticias":[],"class_list":["post-16024","noticias","type-noticias","status-publish","has-post-thumbnail","hentry"],"acf":[],"mb":[],"mfb_rest_fields":["title","gutenberg_elementor_mode"],"_links":{"self":[{"href":"https:\/\/portal.fgeo.gob.mx\/index.php\/wp-json\/wp\/v2\/noticias\/16024","targetHints":{"allow":["GET"]}}],"collection":[{"href":"https:\/\/portal.fgeo.gob.mx\/index.php\/wp-json\/wp\/v2\/noticias"}],"about":[{"href":"https:\/\/portal.fgeo.gob.mx\/index.php\/wp-json\/wp\/v2\/types\/noticias"}],"author":[{"embeddable":true,"href":"https:\/\/portal.fgeo.gob.mx\/index.php\/wp-json\/wp\/v2\/users\/2"}],"replies":[{"embeddable":true,"href":"https:\/\/portal.fgeo.gob.mx\/index.php\/wp-json\/wp\/v2\/comments?post=16024"}],"wp:featuredmedia":[{"embeddable":true,"href":"https:\/\/portal.fgeo.gob.mx\/index.php\/wp-json\/"}],"wp:attachment":[{"href":"https:\/\/portal.fgeo.gob.mx\/index.php\/wp-json\/wp\/v2\/media?parent=16024"}],"wp:term":[{"taxonomy":"post_tag","embeddable":true,"href":"https:\/\/portal.fgeo.gob.mx\/index.php\/wp-json\/wp\/v2\/tags?post=16024"},{"taxonomy":"categoria_noticias","embeddable":true,"href":"https:\/\/portal.fgeo.gob.mx\/index.php\/wp-json\/wp\/v2\/categoria_noticias?post=16024"}],"curies":[{"name":"wp","href":"https:\/\/api.w.org\/{rel}","templated":true}]}}