{"id":16023,"date":"2024-03-25T17:00:16","date_gmt":"2024-03-25T23:00:16","guid":{"rendered":"https:\/\/fge.oaxaca.gob.mx\/?post_type=noticias&amp;p=5914"},"modified":"2024-03-25T17:00:16","modified_gmt":"2024-03-25T23:00:16","slug":"boletin-643-logra-fiscalia-de-oaxaca-vinculacion-a-proceso-y-prision-contra-imputado-por-tentativa-de-homicidio-cometido-en-el-istmo-de-tehuantepec","status":"publish","type":"noticias","link":"https:\/\/portal.fgeo.gob.mx\/index.php\/archivos\/noticias\/boletin-643-logra-fiscalia-de-oaxaca-vinculacion-a-proceso-y-prision-contra-imputado-por-tentativa-de-homicidio-cometido-en-el-istmo-de-tehuantepec","title":{"rendered":"BOLET\u00cdN 643.- Logra Fiscal\u00eda de Oaxaca vinculaci\u00f3n a proceso y prisi\u00f3n contra imputado por tentativa de homicidio, cometido en el Istmo de Tehuantepec"},"content":{"rendered":"<p><strong>Oaxaca de Ju\u00e1rez, Oax., a 25 de marzo de 2024.-<\/strong> Como resultado de la acci\u00f3n de los trabajos ministeriales que realiza la Fiscal\u00eda General del Estado de Oaxaca (FGEO) obtuvo auto de vinculaci\u00f3n a proceso y prisi\u00f3n preventiva en contra una persona del sexo masculino identificada como S. R. S., o S. C. S., imputado por el delito de tentativa de homicidio calificado en agravio de J.M.R.S., hechos ocurridos en la regi\u00f3n del Istmo de Tehuantepec.<\/p>\n<p>De acuerdo con lo asentado en el expediente penal del caso, los hechos ocurrieron el 19 de marzo de 2024, cuando la v\u00edctima fue atacada con un arma blanca por lo que result\u00f3 con diversas lesiones, hechos ocurridos en un domicilio ubicado en la Segunda Secci\u00f3n de la poblaci\u00f3n de Reforma de Pineda.<\/p>\n<p>Una vez atendido en un hospital, la v\u00edctima denunci\u00f3 los hechos, por lo que se iniciaron las investigaciones de las que se obtuvo la orden de aprehensi\u00f3n en contra de S. R. S. o S. C. S., quien fue detenido y presentado ante el Juez que atiende la causa, quien dict\u00f3 auto de vinculaci\u00f3n a proceso en contra del imputado, a quien impuso la medida cautelar de prisi\u00f3n preventiva y otorg\u00f3 tres meses para el cierre de la investigaci\u00f3n complementaria.<\/p>\n<p>Para la Fiscal\u00eda General de Oaxaca, la denuncia penal oportuna es una herramienta clave que permite dar resultados inmediatos para no dejar en la impunidad hechos que vulneren o atenten contra la integridad de las v\u00edctimas.<\/p>\n<p>&nbsp;<\/p>\n<p>&nbsp;<\/p>\n","protected":false},"author":2,"featured_media":5913,"comment_status":"closed","ping_status":"closed","template":"","tags":[],"categoria_noticias":[],"class_list":["post-16023","noticias","type-noticias","status-publish","has-post-thumbnail","hentry"],"acf":[],"mb":[],"mfb_rest_fields":["title","gutenberg_elementor_mode"],"_links":{"self":[{"href":"https:\/\/portal.fgeo.gob.mx\/index.php\/wp-json\/wp\/v2\/noticias\/16023","targetHints":{"allow":["GET"]}}],"collection":[{"href":"https:\/\/portal.fgeo.gob.mx\/index.php\/wp-json\/wp\/v2\/noticias"}],"about":[{"href":"https:\/\/portal.fgeo.gob.mx\/index.php\/wp-json\/wp\/v2\/types\/noticias"}],"author":[{"embeddable":true,"href":"https:\/\/portal.fgeo.gob.mx\/index.php\/wp-json\/wp\/v2\/users\/2"}],"replies":[{"embeddable":true,"href":"https:\/\/portal.fgeo.gob.mx\/index.php\/wp-json\/wp\/v2\/comments?post=16023"}],"wp:featuredmedia":[{"embeddable":true,"href":"https:\/\/portal.fgeo.gob.mx\/index.php\/wp-json\/"}],"wp:attachment":[{"href":"https:\/\/portal.fgeo.gob.mx\/index.php\/wp-json\/wp\/v2\/media?parent=16023"}],"wp:term":[{"taxonomy":"post_tag","embeddable":true,"href":"https:\/\/portal.fgeo.gob.mx\/index.php\/wp-json\/wp\/v2\/tags?post=16023"},{"taxonomy":"categoria_noticias","embeddable":true,"href":"https:\/\/portal.fgeo.gob.mx\/index.php\/wp-json\/wp\/v2\/categoria_noticias?post=16023"}],"curies":[{"name":"wp","href":"https:\/\/api.w.org\/{rel}","templated":true}]}}