{"id":16020,"date":"2024-03-23T07:30:59","date_gmt":"2024-03-23T13:30:59","guid":{"rendered":"https:\/\/fge.oaxaca.gob.mx\/?post_type=noticias&amp;p=5909"},"modified":"2024-03-23T07:30:59","modified_gmt":"2024-03-23T13:30:59","slug":"boletin-640-fiscalia-de-oaxaca-obtiene-sentencia-condenatoria-de-11-anos-de-prision-contra-objetivos-prioritarios-en-la-mixteca","status":"publish","type":"noticias","link":"https:\/\/portal.fgeo.gob.mx\/index.php\/archivos\/noticias\/boletin-640-fiscalia-de-oaxaca-obtiene-sentencia-condenatoria-de-11-anos-de-prision-contra-objetivos-prioritarios-en-la-mixteca","title":{"rendered":"BOLET\u00cdN 640.-  Fiscal\u00eda de Oaxaca obtiene sentencia condenatoria de 11 a\u00f1os de prisi\u00f3n contra objetivos prioritarios en la Mixteca"},"content":{"rendered":"<p><strong>Oaxaca de Ju\u00e1rez, Oax., a 23 de marzo de 2024.-\u00a0<\/strong>La Fiscal\u00eda General del Estado de Oaxaca (FGEO) obtuvo sentencia condenatoria de 11 a\u00f1os de prisi\u00f3n en contra dos personas del sexo masculino identificadas como I.T.M., y A.T.M, responsables por la comisi\u00f3n de los delitos de robo equiparado y contra la salud en su modalidad de posesi\u00f3n, hechos ocurridos en la regi\u00f3n de la Mixteca.<\/p>\n<p>De acuerdo con la causa penal, el 30 de abril de 2023, los imputados se apoderaron de un veh\u00edculo compacto que estaba sobre la calle Venustiano Carranza de la colonia \u201cEl Calvario\u201d, en Huajuapan de Le\u00f3n.<\/p>\n<p>Tras recibir la denuncia, la FGEO realiz\u00f3 las investigaciones correspondientes a trav\u00e9s de la Vicefiscal\u00eda Regional de la Mixteca, por lo que, el 9 de mayo de 2023, elementos de la Agencia Estatal de Investigaciones (AEI), apoyados por la Polic\u00eda Municipal, recuperaron la unidad de motor cuando I.T.M., y A.T.M., circulaban en el Boulevard Tierra del Sol, colonia del Carmen.<\/p>\n<p>Al asegurar el veh\u00edculo, los agentes ministeriales encontraron resistencia de quienes iban a bordo, por lo que realizaron una inspecci\u00f3n en la que aseguraron un arma de fuego, adem\u00e1s de diferentes cantidades de las drogas conocidas como coca\u00edna y metanfetamina.<\/p>\n<p>Tras evaluar los datos de prueba aportados por la FGEO, el Tribunal de Enjuiciamiento de la Mixteca dict\u00f3 sentencia condenatoria de 11 a\u00f1os contra cada uno de los dos responsables, adem\u00e1s que orden\u00f3 el pago de una multa, as\u00ed como la reparaci\u00f3n del da\u00f1o a favor de la v\u00edctima.<\/p>\n<p>Como resultado de las investigaciones ministeriales, se estableci\u00f3 que los sentenciados eran catalogados como objetivos prioritarios e integrantes de una banda delictiva en la regi\u00f3n de la Mixteca que se dedicaban a los asaltos y robo de veh\u00edculos.<\/p>\n<p>La Fiscal\u00eda General del Estado de Oaxaca refrenda el compromiso de aplicar todo el rigor de la Ley a quien o quienes se apropien indebidamente del patrimonio de las familias oaxaque\u00f1as.<\/p>\n","protected":false},"author":2,"featured_media":5744,"comment_status":"closed","ping_status":"closed","template":"","tags":[],"categoria_noticias":[],"class_list":["post-16020","noticias","type-noticias","status-publish","has-post-thumbnail","hentry"],"acf":[],"mb":[],"mfb_rest_fields":["title","gutenberg_elementor_mode"],"_links":{"self":[{"href":"https:\/\/portal.fgeo.gob.mx\/index.php\/wp-json\/wp\/v2\/noticias\/16020","targetHints":{"allow":["GET"]}}],"collection":[{"href":"https:\/\/portal.fgeo.gob.mx\/index.php\/wp-json\/wp\/v2\/noticias"}],"about":[{"href":"https:\/\/portal.fgeo.gob.mx\/index.php\/wp-json\/wp\/v2\/types\/noticias"}],"author":[{"embeddable":true,"href":"https:\/\/portal.fgeo.gob.mx\/index.php\/wp-json\/wp\/v2\/users\/2"}],"replies":[{"embeddable":true,"href":"https:\/\/portal.fgeo.gob.mx\/index.php\/wp-json\/wp\/v2\/comments?post=16020"}],"wp:featuredmedia":[{"embeddable":true,"href":"https:\/\/portal.fgeo.gob.mx\/index.php\/wp-json\/"}],"wp:attachment":[{"href":"https:\/\/portal.fgeo.gob.mx\/index.php\/wp-json\/wp\/v2\/media?parent=16020"}],"wp:term":[{"taxonomy":"post_tag","embeddable":true,"href":"https:\/\/portal.fgeo.gob.mx\/index.php\/wp-json\/wp\/v2\/tags?post=16020"},{"taxonomy":"categoria_noticias","embeddable":true,"href":"https:\/\/portal.fgeo.gob.mx\/index.php\/wp-json\/wp\/v2\/categoria_noticias?post=16020"}],"curies":[{"name":"wp","href":"https:\/\/api.w.org\/{rel}","templated":true}]}}