{"id":16018,"date":"2024-03-22T13:36:33","date_gmt":"2024-03-22T19:36:33","guid":{"rendered":"https:\/\/fge.oaxaca.gob.mx\/?post_type=noticias&amp;p=5907"},"modified":"2024-03-22T13:36:33","modified_gmt":"2024-03-22T19:36:33","slug":"boletin-638-ejecuta-fiscalia-de-oaxaca-orden-de-aprehension-contra-sujeto-por-el-delito-de-violacion-agravada-y-abuso-sexual-agravado-en-la-region-de-la-costa","status":"publish","type":"noticias","link":"https:\/\/portal.fgeo.gob.mx\/index.php\/archivos\/noticias\/boletin-638-ejecuta-fiscalia-de-oaxaca-orden-de-aprehension-contra-sujeto-por-el-delito-de-violacion-agravada-y-abuso-sexual-agravado-en-la-region-de-la-costa","title":{"rendered":"BOLET\u00cdN 638.-  Ejecuta Fiscal\u00eda de Oaxaca orden de aprehensi\u00f3n contra sujeto por el delito de violaci\u00f3n agravada y abuso sexual agravado en la regi\u00f3n de la Costa"},"content":{"rendered":"<p><strong>Oaxaca de Ju\u00e1rez, Oax., a 22 de marzo de 2024.-\u00a0<\/strong>Como parte de la estrategia de cero tolerancia a delitos contra la mujer por raz\u00f3n de g\u00e9nero, la Fiscal\u00eda General del Estado de Oaxaca ejecut\u00f3 una orden de aprehensi\u00f3n en contra de una persona del sexo masculino identificada como A.S.S., por el delito de violaci\u00f3n agravada y abuso sexual agravado cometido contra una menor de edad, en la regi\u00f3n de la Costa.<\/p>\n<p>De acuerdo con el expediente penal, los hechos sucedieron en marzo de 2024, cuando la v\u00edctima (una ni\u00f1a cuya identidad est\u00e1 reservada por ley), se encontraba en un domicilio ubicado en el Barrio de Benito Ju\u00e1rez de San Juan Lachao Nuevo del distrito de Juquila.<\/p>\n<p>En ese momento, la v\u00edctima sufri\u00f3 una agresi\u00f3n, conducta que, de acuerdo con el C\u00f3digo Penal Vigente en el Estado de Oaxaca se configura como los delitos de violaci\u00f3n agravada y abuso sexual agravado.<\/p>\n<p>Cuando la instancia procuradora de justicia tom\u00f3 conocimiento del caso, inici\u00f3 las investigaciones correspondientes y ejecut\u00f3 la orden de aprehensi\u00f3n que permiti\u00f3 la detenci\u00f3n de A.S.S., quien fue puesto a disposici\u00f3n de la autoridad ministerial correspondiente para que se determine su situaci\u00f3n jur\u00eddica.<\/p>\n<p>La Fiscal\u00eda del Estado de Oaxaca refrenda su compromiso de brindar una atenci\u00f3n integral a las v\u00edctimas, especialmente cuando se trata de delitos cometidos en contra de ni\u00f1as, ni\u00f1os y adolescentes a efecto de garantizar el derecho a tener una vida libre de violencia.<\/p>\n","protected":false},"author":2,"featured_media":5744,"comment_status":"closed","ping_status":"closed","template":"","tags":[],"categoria_noticias":[],"class_list":["post-16018","noticias","type-noticias","status-publish","has-post-thumbnail","hentry"],"acf":[],"mb":[],"mfb_rest_fields":["title","gutenberg_elementor_mode"],"_links":{"self":[{"href":"https:\/\/portal.fgeo.gob.mx\/index.php\/wp-json\/wp\/v2\/noticias\/16018","targetHints":{"allow":["GET"]}}],"collection":[{"href":"https:\/\/portal.fgeo.gob.mx\/index.php\/wp-json\/wp\/v2\/noticias"}],"about":[{"href":"https:\/\/portal.fgeo.gob.mx\/index.php\/wp-json\/wp\/v2\/types\/noticias"}],"author":[{"embeddable":true,"href":"https:\/\/portal.fgeo.gob.mx\/index.php\/wp-json\/wp\/v2\/users\/2"}],"replies":[{"embeddable":true,"href":"https:\/\/portal.fgeo.gob.mx\/index.php\/wp-json\/wp\/v2\/comments?post=16018"}],"wp:featuredmedia":[{"embeddable":true,"href":"https:\/\/portal.fgeo.gob.mx\/index.php\/wp-json\/"}],"wp:attachment":[{"href":"https:\/\/portal.fgeo.gob.mx\/index.php\/wp-json\/wp\/v2\/media?parent=16018"}],"wp:term":[{"taxonomy":"post_tag","embeddable":true,"href":"https:\/\/portal.fgeo.gob.mx\/index.php\/wp-json\/wp\/v2\/tags?post=16018"},{"taxonomy":"categoria_noticias","embeddable":true,"href":"https:\/\/portal.fgeo.gob.mx\/index.php\/wp-json\/wp\/v2\/categoria_noticias?post=16018"}],"curies":[{"name":"wp","href":"https:\/\/api.w.org\/{rel}","templated":true}]}}