{"id":16017,"date":"2024-03-21T17:00:32","date_gmt":"2024-03-21T23:00:32","guid":{"rendered":"https:\/\/fge.oaxaca.gob.mx\/?post_type=noticias&amp;p=5904"},"modified":"2024-03-21T17:00:32","modified_gmt":"2024-03-21T23:00:32","slug":"boletin-637-fgeo-ejecuta-orden-de-aprehension-por-violacion-agravada-y-abuso-sexual-agravado-cometido-en-la-region-de-la-costa","status":"publish","type":"noticias","link":"https:\/\/portal.fgeo.gob.mx\/index.php\/archivos\/noticias\/boletin-637-fgeo-ejecuta-orden-de-aprehension-por-violacion-agravada-y-abuso-sexual-agravado-cometido-en-la-region-de-la-costa","title":{"rendered":"BOLET\u00cdN 637.- FGEO ejecuta orden de aprehensi\u00f3n por Violaci\u00f3n Agravada y Abuso sexual Agravado, cometido en la regi\u00f3n de la Costa"},"content":{"rendered":"<p style=\"text-align: justify\"><strong>Oaxaca de Ju\u00e1rez, Oax., a 21 de marzo de 2024.-\u00a0<\/strong>Como resultado de las investigaciones enfocadas en garantizar los derechos a una vida libre de violencia en contra de ni\u00f1as ni\u00f1os y adolescentes, la Fiscal\u00eda General del Estado de Oaxaca (FGEO) ejecut\u00f3 una orden de aprehensi\u00f3n en contra de una persona del sexo masculino identificada como A.S.C., por el delito de Violaci\u00f3n Agravada y Abuso Sexual Agravado, cometido en la regi\u00f3n de la Costa.<\/p>\n<p>De acuerdo con lo asentado en el expediente penal del caso, la v\u00edctima (cuya identidad est\u00e1 reservada por ley) fue agredida de manera sexual en diferentes fechas, desde que ten\u00eda once a\u00f1os de edad y hasta que cumpli\u00f3 los 16, hechos que ocurrieron en distintas locaciones dentro del municipio de San Juan Lachao.<\/p>\n<p>La v\u00edctima acudi\u00f3 ante el Ministerio P\u00fablico de la FGEO para denunciar las agresiones que se configuran en delitos sexuales, por lo que la Vicefiscal\u00eda Regional de la Costa atrajo el caso a trav\u00e9s de la Unidad Operativa de Investigaci\u00f3n de Delitos Cometidos Contra la Mujer Por Raz\u00f3n De G\u00e9nero de la Vicefiscal\u00eda Regional de la Costa, que reuni\u00f3 las pruebas suficientes que permitieron la obtenci\u00f3n y ejecuci\u00f3n de una orden de aprehensi\u00f3n en contra de A.S.C., quien qued\u00f3 a disposici\u00f3n de la autoridad ministerial para que se determine su situaci\u00f3n jur\u00eddica.<\/p>\n<p>La Fiscal\u00eda de Oaxaca tiene, entre sus ejes rectores, garantizar una vida libre de violencia para ni\u00f1as, ni\u00f1os y adolescentes, a trav\u00e9s de los mecanismos de procuraci\u00f3n de justicia que est\u00e1n a cargo de \u00e1reas especializadas y bien capacitadas para este tipo de labores.<\/p>\n<p style=\"text-align: justify\"><strong>\u00a0<\/strong><img fetchpriority=\"high\" decoding=\"async\" class=\"alignnone size-medium wp-image-5905\" src=\"https:\/\/portal.fgeo.gob.mx\/wp-content\/uploads\/2024\/03\/FGEO-ejecuta-orden-de-aprehensi%C3%B3n-por-Pederastia-Equiparado-a-la-Violaci%C3%B3n-Agravada-y-Abuso-sexual-Agravado-cometido-en-la-regi%C3%B3n-de-la-Costa-169x300.jpg\" alt=\"\" width=\"169\" height=\"300\" \/><\/p>\n<p>&nbsp;<\/p>\n","protected":false},"author":2,"featured_media":5744,"comment_status":"closed","ping_status":"closed","template":"","tags":[],"categoria_noticias":[],"class_list":["post-16017","noticias","type-noticias","status-publish","has-post-thumbnail","hentry"],"acf":[],"mb":[],"mfb_rest_fields":["title","gutenberg_elementor_mode"],"_links":{"self":[{"href":"https:\/\/portal.fgeo.gob.mx\/index.php\/wp-json\/wp\/v2\/noticias\/16017","targetHints":{"allow":["GET"]}}],"collection":[{"href":"https:\/\/portal.fgeo.gob.mx\/index.php\/wp-json\/wp\/v2\/noticias"}],"about":[{"href":"https:\/\/portal.fgeo.gob.mx\/index.php\/wp-json\/wp\/v2\/types\/noticias"}],"author":[{"embeddable":true,"href":"https:\/\/portal.fgeo.gob.mx\/index.php\/wp-json\/wp\/v2\/users\/2"}],"replies":[{"embeddable":true,"href":"https:\/\/portal.fgeo.gob.mx\/index.php\/wp-json\/wp\/v2\/comments?post=16017"}],"wp:featuredmedia":[{"embeddable":true,"href":"https:\/\/portal.fgeo.gob.mx\/index.php\/wp-json\/"}],"wp:attachment":[{"href":"https:\/\/portal.fgeo.gob.mx\/index.php\/wp-json\/wp\/v2\/media?parent=16017"}],"wp:term":[{"taxonomy":"post_tag","embeddable":true,"href":"https:\/\/portal.fgeo.gob.mx\/index.php\/wp-json\/wp\/v2\/tags?post=16017"},{"taxonomy":"categoria_noticias","embeddable":true,"href":"https:\/\/portal.fgeo.gob.mx\/index.php\/wp-json\/wp\/v2\/categoria_noticias?post=16017"}],"curies":[{"name":"wp","href":"https:\/\/api.w.org\/{rel}","templated":true}]}}