{"id":16016,"date":"2024-03-21T15:00:08","date_gmt":"2024-03-21T21:00:08","guid":{"rendered":"https:\/\/fge.oaxaca.gob.mx\/?post_type=noticias&amp;p=5902"},"modified":"2024-03-21T15:00:08","modified_gmt":"2024-03-21T21:00:08","slug":"boletin-636-aprehende-fiscalia-de-oaxaca-a-una-persona-por-el-delito-de-violacion-cometido-contra-adolescente-hechos-ocurridos-en-la-region-de-la-costa","status":"publish","type":"noticias","link":"https:\/\/portal.fgeo.gob.mx\/index.php\/archivos\/noticias\/boletin-636-aprehende-fiscalia-de-oaxaca-a-una-persona-por-el-delito-de-violacion-cometido-contra-adolescente-hechos-ocurridos-en-la-region-de-la-costa","title":{"rendered":"BOLET\u00cdN 636.- Aprehende Fiscal\u00eda de Oaxaca a una persona por el delito de violaci\u00f3n cometido contra adolescente, hechos ocurridos en la regi\u00f3n de la Costa"},"content":{"rendered":"<p><strong>Oaxaca de Ju\u00e1rez, Oax., a 21 de marzo de 2024.-\u00a0<\/strong>La Fiscal\u00eda General del Estado de Oaxaca (FGEO) ejecut\u00f3 una orden de aprehensi\u00f3n en contra de una persona del sexo masculino identificada por las iniciales M.R.S., por el delito de Violaci\u00f3n en agravio de una adolescente, hechos ocurridos en la regi\u00f3n de la Costa.<\/p>\n<p>De acuerdo con lo asentado en el expediente penal del caso, lo hechos sucedieron el 15 de abril de 2023, cuando la v\u00edctima (una adolescente cuya identidad est\u00e1 reservada por ley) se encontraba en un domicilio, ubicado en el municipio de Santa Cruz Huatulco, sitio en el que fue agredida de manera sexual, conducta que constituye la comisi\u00f3n del delito de violaci\u00f3n.<\/p>\n<p>Ante estos hechos y al recibir la denuncia de los familiares, la FGEO, a trav\u00e9s del Ministerio P\u00fablico de Delitos Contra la Mujer por Raz\u00f3n de G\u00e9nero adscrita a la Vicefiscal\u00eda Regional de la Costa, aplic\u00f3 los protocolos y t\u00e9cnicas de investigaci\u00f3n que condujeron a la localizaci\u00f3n del probable responsable de la agresi\u00f3n, por lo que la Agencia Estatal de Investigaciones realiz\u00f3 su detenci\u00f3n al ejecutar una orden de aprehensi\u00f3n la ma\u00f1ana del 20 de marzo de 2024.<\/p>\n<p>Tras la detenci\u00f3n de M.R.S., fue presentado ante la autoridad correspondiente para determinar su situaci\u00f3n jur\u00eddica.<\/p>\n<p>La Fiscal\u00eda General del Estado de Oaxaca cuenta con \u00e1reas de atenci\u00f3n especializadas para brindar acompa\u00f1amiento integral a las v\u00edctimas en sus procesos de procuraci\u00f3n de justicia.<\/p>\n<p><img fetchpriority=\"high\" decoding=\"async\" class=\"alignnone size-medium wp-image-5903\" src=\"https:\/\/portal.fgeo.gob.mx\/wp-content\/uploads\/2024\/03\/Aprehende-Fiscal%C3%ADa-de-Oaxaca-a-una-persona-por-el-delito-de-violaci%C3%B3n-cometido-contra-adolescente-hechos-ocurridos-en-la-regi%C3%B3n-de-la-Costa-225x300.jpg\" alt=\"\" width=\"225\" height=\"300\" \/><\/p>\n","protected":false},"author":2,"featured_media":5744,"comment_status":"closed","ping_status":"closed","template":"","tags":[],"categoria_noticias":[],"class_list":["post-16016","noticias","type-noticias","status-publish","has-post-thumbnail","hentry"],"acf":[],"mb":[],"mfb_rest_fields":["title","gutenberg_elementor_mode"],"_links":{"self":[{"href":"https:\/\/portal.fgeo.gob.mx\/index.php\/wp-json\/wp\/v2\/noticias\/16016","targetHints":{"allow":["GET"]}}],"collection":[{"href":"https:\/\/portal.fgeo.gob.mx\/index.php\/wp-json\/wp\/v2\/noticias"}],"about":[{"href":"https:\/\/portal.fgeo.gob.mx\/index.php\/wp-json\/wp\/v2\/types\/noticias"}],"author":[{"embeddable":true,"href":"https:\/\/portal.fgeo.gob.mx\/index.php\/wp-json\/wp\/v2\/users\/2"}],"replies":[{"embeddable":true,"href":"https:\/\/portal.fgeo.gob.mx\/index.php\/wp-json\/wp\/v2\/comments?post=16016"}],"wp:featuredmedia":[{"embeddable":true,"href":"https:\/\/portal.fgeo.gob.mx\/index.php\/wp-json\/"}],"wp:attachment":[{"href":"https:\/\/portal.fgeo.gob.mx\/index.php\/wp-json\/wp\/v2\/media?parent=16016"}],"wp:term":[{"taxonomy":"post_tag","embeddable":true,"href":"https:\/\/portal.fgeo.gob.mx\/index.php\/wp-json\/wp\/v2\/tags?post=16016"},{"taxonomy":"categoria_noticias","embeddable":true,"href":"https:\/\/portal.fgeo.gob.mx\/index.php\/wp-json\/wp\/v2\/categoria_noticias?post=16016"}],"curies":[{"name":"wp","href":"https:\/\/api.w.org\/{rel}","templated":true}]}}