{"id":16015,"date":"2024-03-21T12:07:03","date_gmt":"2024-03-21T18:07:03","guid":{"rendered":"https:\/\/fge.oaxaca.gob.mx\/?post_type=noticias&amp;p=5901"},"modified":"2024-03-21T12:07:03","modified_gmt":"2024-03-21T18:07:03","slug":"boletin-635-obtiene-fgeo-sentencia-de-30-anos-contra-responsable-del-delito-de-trata-de-personas-cometido-en-los-valles-centrales","status":"publish","type":"noticias","link":"https:\/\/portal.fgeo.gob.mx\/index.php\/archivos\/noticias\/boletin-635-obtiene-fgeo-sentencia-de-30-anos-contra-responsable-del-delito-de-trata-de-personas-cometido-en-los-valles-centrales","title":{"rendered":"BOLET\u00cdN 635.- Obtiene FGEO sentencia de 30 a\u00f1os contra responsable del delito de trata de personas cometido en los Valles Centrales"},"content":{"rendered":"<p><strong>Oaxaca de Ju\u00e1rez, Oax., a 21 de marzo de 2024.-\u00a0<\/strong>La Fiscal\u00eda General del Estado de Oaxaca obtuvo una sentencia condenatoria de 30 a\u00f1os de prisi\u00f3n en contra de E.E.P.V., por su responsabilidad en la comisi\u00f3n de los delitos de trata de personas en su modalidad de captaci\u00f3n enganche y alojamiento, as\u00ed como por explotaci\u00f3n sexual en la modalidad de prostituci\u00f3n ajena, hechos ocurridos en Valles Centrales.<\/p>\n<p>De acuerdo con el expediente penal del caso, los hechos ocurrieron entre 2016 y 2017 cuando el imputado E.E.P.V.\u00a0 quien obligaba a la v\u00edctima identificada como B.L.H.M. a ejercer el trabajo sexual y entregarle las ganancias derivadas de esta actividad.<\/p>\n<p>Al tener conocimiento de estos hechos, la Fiscal\u00eda General del Estado de Oaxaca realiz\u00f3 las investigaciones correspondientes por medio de la Fiscal\u00eda Especializada en Delitos de Alto Impacto lo que permiti\u00f3 la detenci\u00f3n de E.E.P.V.<\/p>\n<p>El imputado qued\u00f3 a disposici\u00f3n del Juez que atienden la causa, quien luego de evaluar los datos de prueba aportados por la FGEO, dict\u00f3 sentencia condenatoria de 30 a\u00f1os de prisi\u00f3n en contra de E.E.P.V.\u00a0 por su responsabilidad en la comisi\u00f3n del delito de trata de personas en su modalidad de captaci\u00f3n, enganche y alojamiento, as\u00ed como el de explotaci\u00f3n sexual en la modalidad de prostituci\u00f3n ajena, adem\u00e1s le impuso el pago de una multa de 226 mil 470 pesos.<\/p>\n<p>La Fiscal\u00eda de Oaxaca aplica m\u00e9todos cient\u00edficos de investigaci\u00f3n que permitan fortalecer los procesos de procuraci\u00f3n de justicia, especialmente en delitos de alto impacto como lo es la trata de personas, esto con el objetivo de garantizar a las v\u00edctimas un adecuado acceso a la justicia y reparaci\u00f3n del da\u00f1o.<\/p>\n<p>&nbsp;<\/p>\n","protected":false},"author":2,"featured_media":5744,"comment_status":"closed","ping_status":"closed","template":"","tags":[],"categoria_noticias":[],"class_list":["post-16015","noticias","type-noticias","status-publish","has-post-thumbnail","hentry"],"acf":[],"mb":[],"mfb_rest_fields":["title","gutenberg_elementor_mode"],"_links":{"self":[{"href":"https:\/\/portal.fgeo.gob.mx\/index.php\/wp-json\/wp\/v2\/noticias\/16015","targetHints":{"allow":["GET"]}}],"collection":[{"href":"https:\/\/portal.fgeo.gob.mx\/index.php\/wp-json\/wp\/v2\/noticias"}],"about":[{"href":"https:\/\/portal.fgeo.gob.mx\/index.php\/wp-json\/wp\/v2\/types\/noticias"}],"author":[{"embeddable":true,"href":"https:\/\/portal.fgeo.gob.mx\/index.php\/wp-json\/wp\/v2\/users\/2"}],"replies":[{"embeddable":true,"href":"https:\/\/portal.fgeo.gob.mx\/index.php\/wp-json\/wp\/v2\/comments?post=16015"}],"wp:featuredmedia":[{"embeddable":true,"href":"https:\/\/portal.fgeo.gob.mx\/index.php\/wp-json\/"}],"wp:attachment":[{"href":"https:\/\/portal.fgeo.gob.mx\/index.php\/wp-json\/wp\/v2\/media?parent=16015"}],"wp:term":[{"taxonomy":"post_tag","embeddable":true,"href":"https:\/\/portal.fgeo.gob.mx\/index.php\/wp-json\/wp\/v2\/tags?post=16015"},{"taxonomy":"categoria_noticias","embeddable":true,"href":"https:\/\/portal.fgeo.gob.mx\/index.php\/wp-json\/wp\/v2\/categoria_noticias?post=16015"}],"curies":[{"name":"wp","href":"https:\/\/api.w.org\/{rel}","templated":true}]}}